{"id":53762,"date":"2020-04-06T11:31:35","date_gmt":"2020-04-06T14:31:35","guid":{"rendered":"http:\/\/blogdoedvaldomagalhaes.com.br\/?p=53762"},"modified":"2020-04-06T11:31:35","modified_gmt":"2020-04-06T14:31:35","slug":"paciente-de-jatauba-que-morreu-no-hmv-nao-estava-com-covid-19","status":"publish","type":"post","link":"https:\/\/blogdoedvaldomagalhaes.com.br\/index.php\/2020\/04\/06\/paciente-de-jatauba-que-morreu-no-hmv-nao-estava-com-covid-19\/","title":{"rendered":"Paciente de Jata\u00faba que morreu no HMV n\u00e3o estava com Covid-19"},"content":{"rendered":"<p style=\"text-align: justify;\">NOTA &#8211; HOSPITAL MESTRE VITALINO<\/p>\n<p style=\"text-align: justify;\">Neste domingo (05), o Hospital Mestre Vitalino (HMV) recebeu o resultado do exame do paciente (75 anos), natural do munic\u00edpio de Jata\u00faba, que veio a \u00f3bito na \u00faltima sexta-feira (03) com suspeita de infec\u00e7\u00e3o por Covid &#8211; 19. O resultado apresentou n\u00e3o-detect\u00e1vel para o novo coronav\u00edrus, ou seja, o paciente testou *NEGATIVO*.<\/p>\n<p style=\"text-align: justify;\">O HMV faz parte da rede estadual de sa\u00fade, e \u00e9 o Hospital refer\u00eancia para o atendimento de pacientes com suspeita ou casos confirmados de Covid-19 nas 4\u00aa e 5\u00aa regionais de sa\u00fade. Atualmente a unidade disp\u00f5e de 20 leitos de UTI e 25 de enfermaria destinados para esses casos.<\/p>\n","protected":false},"excerpt":{"rendered":"<p>NOTA &#8211; HOSPITAL MESTRE VITALINO Neste domingo (05), o Hospital Mestre Vitalino (HMV) recebeu o resultado do exame do paciente&hellip;<\/p>\n","protected":false},"author":1,"featured_media":53763,"comment_status":"open","ping_status":"open","sticky":false,"template":"","format":"standard","meta":{"footnotes":""},"categories":[14120],"tags":[2,16881,17742],"class_list":["post-53762","post","type-post","status-publish","format-standard","has-post-thumbnail","hentry","category-noticias","tag-blog-do-edvaldo-magalhaes","tag-caruaru-e-regiao","tag-paciente-de-jatauba-que-morreu-no-hmv-nao-estava-com-covid-19"],"_links":{"self":[{"href":"https:\/\/blogdoedvaldomagalhaes.com.br\/index.php\/wp-json\/wp\/v2\/posts\/53762","targetHints":{"allow":["GET"]}}],"collection":[{"href":"https:\/\/blogdoedvaldomagalhaes.com.br\/index.php\/wp-json\/wp\/v2\/posts"}],"about":[{"href":"https:\/\/blogdoedvaldomagalhaes.com.br\/index.php\/wp-json\/wp\/v2\/types\/post"}],"author":[{"embeddable":true,"href":"https:\/\/blogdoedvaldomagalhaes.com.br\/index.php\/wp-json\/wp\/v2\/users\/1"}],"replies":[{"embeddable":true,"href":"https:\/\/blogdoedvaldomagalhaes.com.br\/index.php\/wp-json\/wp\/v2\/comments?post=53762"}],"version-history":[{"count":1,"href":"https:\/\/blogdoedvaldomagalhaes.com.br\/index.php\/wp-json\/wp\/v2\/posts\/53762\/revisions"}],"predecessor-version":[{"id":53764,"href":"https:\/\/blogdoedvaldomagalhaes.com.br\/index.php\/wp-json\/wp\/v2\/posts\/53762\/revisions\/53764"}],"wp:featuredmedia":[{"embeddable":true,"href":"https:\/\/blogdoedvaldomagalhaes.com.br\/index.php\/wp-json\/wp\/v2\/media\/53763"}],"wp:attachment":[{"href":"https:\/\/blogdoedvaldomagalhaes.com.br\/index.php\/wp-json\/wp\/v2\/media?parent=53762"}],"wp:term":[{"taxonomy":"category","embeddable":true,"href":"https:\/\/blogdoedvaldomagalhaes.com.br\/index.php\/wp-json\/wp\/v2\/categories?post=53762"},{"taxonomy":"post_tag","embeddable":true,"href":"https:\/\/blogdoedvaldomagalhaes.com.br\/index.php\/wp-json\/wp\/v2\/tags?post=53762"}],"curies":[{"name":"wp","href":"https:\/\/api.w.org\/{rel}","templated":true}]}}