{"id":53746,"date":"2020-04-05T17:52:40","date_gmt":"2020-04-05T20:52:40","guid":{"rendered":"http:\/\/blogdoedvaldomagalhaes.com.br\/?p=53746"},"modified":"2020-04-06T07:05:07","modified_gmt":"2020-04-06T10:05:07","slug":"homicidio-homem-e-esfaqueado-pelo-cunhado-apos-discussao-e-morre-no-hra","status":"publish","type":"post","link":"https:\/\/blogdoedvaldomagalhaes.com.br\/index.php\/2020\/04\/05\/homicidio-homem-e-esfaqueado-pelo-cunhado-apos-discussao-e-morre-no-hra\/","title":{"rendered":"Homic\u00eddio: Homem \u00e9 esfaqueado pelo cunhado ap\u00f3s discuss\u00e3o e morre no HRA"},"content":{"rendered":"<hr \/>\n<p style=\"text-align: justify;\">A pol\u00edcia informou que na manh\u00e3 deste domingo (05), Jonas Eduardo da Silva, de 40 anos, foi esfaqueado pelo cunhado Gleydson Muniz (que est\u00e1 foragido), no bairro Jos\u00e9 Carlos de Oliveira, em Caruaru. A v\u00edtima foi socorrida pelo SAMU para o Hospital Regional do Agreste (HRA), mas n\u00e3o resistiu e faleceu.<\/p>\n<p style=\"text-align: justify;\">De acordo com testemunhas, houve uma discuss\u00e3o entre ele , que veio a \u00f3bito.<\/p>\n<p style=\"text-align: justify;\">Este foi o primeiro homic\u00eddio do m\u00eas de abril, e o 36\u00b0 em Caruaru.<\/p>\n","protected":false},"excerpt":{"rendered":"<p>A pol\u00edcia informou que na manh\u00e3 deste domingo (05), Jonas Eduardo da Silva, de 40 anos, foi esfaqueado pelo cunhado&hellip;<\/p>\n","protected":false},"author":1,"featured_media":53747,"comment_status":"open","ping_status":"open","sticky":false,"template":"","format":"standard","meta":{"footnotes":""},"categories":[14121],"tags":[2,16881,17739],"class_list":["post-53746","post","type-post","status-publish","format-standard","has-post-thumbnail","hentry","category-policial","tag-blog-do-edvaldo-magalhaes","tag-caruaru-e-regiao","tag-homicidio-homem-e-esfaqueado-pelo-cunhado-apos-discussao-e-morre-no-hra"],"_links":{"self":[{"href":"https:\/\/blogdoedvaldomagalhaes.com.br\/index.php\/wp-json\/wp\/v2\/posts\/53746","targetHints":{"allow":["GET"]}}],"collection":[{"href":"https:\/\/blogdoedvaldomagalhaes.com.br\/index.php\/wp-json\/wp\/v2\/posts"}],"about":[{"href":"https:\/\/blogdoedvaldomagalhaes.com.br\/index.php\/wp-json\/wp\/v2\/types\/post"}],"author":[{"embeddable":true,"href":"https:\/\/blogdoedvaldomagalhaes.com.br\/index.php\/wp-json\/wp\/v2\/users\/1"}],"replies":[{"embeddable":true,"href":"https:\/\/blogdoedvaldomagalhaes.com.br\/index.php\/wp-json\/wp\/v2\/comments?post=53746"}],"version-history":[{"count":3,"href":"https:\/\/blogdoedvaldomagalhaes.com.br\/index.php\/wp-json\/wp\/v2\/posts\/53746\/revisions"}],"predecessor-version":[{"id":53755,"href":"https:\/\/blogdoedvaldomagalhaes.com.br\/index.php\/wp-json\/wp\/v2\/posts\/53746\/revisions\/53755"}],"wp:featuredmedia":[{"embeddable":true,"href":"https:\/\/blogdoedvaldomagalhaes.com.br\/index.php\/wp-json\/wp\/v2\/media\/53747"}],"wp:attachment":[{"href":"https:\/\/blogdoedvaldomagalhaes.com.br\/index.php\/wp-json\/wp\/v2\/media?parent=53746"}],"wp:term":[{"taxonomy":"category","embeddable":true,"href":"https:\/\/blogdoedvaldomagalhaes.com.br\/index.php\/wp-json\/wp\/v2\/categories?post=53746"},{"taxonomy":"post_tag","embeddable":true,"href":"https:\/\/blogdoedvaldomagalhaes.com.br\/index.php\/wp-json\/wp\/v2\/tags?post=53746"}],"curies":[{"name":"wp","href":"https:\/\/api.w.org\/{rel}","templated":true}]}}