{"id":53743,"date":"2020-04-05T17:32:36","date_gmt":"2020-04-05T20:32:36","guid":{"rendered":"http:\/\/blogdoedvaldomagalhaes.com.br\/?p=53743"},"modified":"2020-04-05T17:33:05","modified_gmt":"2020-04-05T20:33:05","slug":"confirmado-o-terceiro-caso-de-covid-19-em-caruaru","status":"publish","type":"post","link":"https:\/\/blogdoedvaldomagalhaes.com.br\/index.php\/2020\/04\/05\/confirmado-o-terceiro-caso-de-covid-19-em-caruaru\/","title":{"rendered":"Confirmado o terceiro caso de Covid-19 em Caruaru"},"content":{"rendered":"<p style=\"text-align: justify;\"><span style=\"font-size: inherit;\">NOTA<\/span><\/p>\n<p style=\"text-align: justify;\"><span style=\"font-size: inherit;\">A Secretaria de Sa\u00fade de Caruaru informa que foi notificada com a confirma\u00e7\u00e3o do terceiro caso de Covid-19, no munic\u00edpio. Trata-se de mais um caso de transmiss\u00e3o comunit\u00e1ria, em uma pessoa na faixa et\u00e1ria de 50 a 55 anos, que n\u00e3o est\u00e1 mais no per\u00edodo de transmiss\u00e3o da doen\u00e7a e n\u00e3o apresenta mais qualquer sintoma. A notifica\u00e7\u00e3o foi feita por um hospital particular de Caruaru. Mais informa\u00e7\u00f5es ser\u00e3o dadas em coletiva de imprensa, nesta segunda-feira (6), \u00e0s 10h, pelas redes oficiais da prefeitura.<\/span><\/p>\n","protected":false},"excerpt":{"rendered":"<p>NOTA A Secretaria de Sa\u00fade de Caruaru informa que foi notificada com a confirma\u00e7\u00e3o do terceiro caso de Covid-19, no&hellip;<\/p>\n","protected":false},"author":1,"featured_media":53744,"comment_status":"open","ping_status":"open","sticky":false,"template":"","format":"standard","meta":{"footnotes":""},"categories":[14120],"tags":[2,16881,17738],"class_list":["post-53743","post","type-post","status-publish","format-standard","has-post-thumbnail","hentry","category-noticias","tag-blog-do-edvaldo-magalhaes","tag-caruaru-e-regiao","tag-confirmado-o-terceiro-caso-de-covid-19-em-caruaru"],"_links":{"self":[{"href":"https:\/\/blogdoedvaldomagalhaes.com.br\/index.php\/wp-json\/wp\/v2\/posts\/53743","targetHints":{"allow":["GET"]}}],"collection":[{"href":"https:\/\/blogdoedvaldomagalhaes.com.br\/index.php\/wp-json\/wp\/v2\/posts"}],"about":[{"href":"https:\/\/blogdoedvaldomagalhaes.com.br\/index.php\/wp-json\/wp\/v2\/types\/post"}],"author":[{"embeddable":true,"href":"https:\/\/blogdoedvaldomagalhaes.com.br\/index.php\/wp-json\/wp\/v2\/users\/1"}],"replies":[{"embeddable":true,"href":"https:\/\/blogdoedvaldomagalhaes.com.br\/index.php\/wp-json\/wp\/v2\/comments?post=53743"}],"version-history":[{"count":1,"href":"https:\/\/blogdoedvaldomagalhaes.com.br\/index.php\/wp-json\/wp\/v2\/posts\/53743\/revisions"}],"predecessor-version":[{"id":53745,"href":"https:\/\/blogdoedvaldomagalhaes.com.br\/index.php\/wp-json\/wp\/v2\/posts\/53743\/revisions\/53745"}],"wp:featuredmedia":[{"embeddable":true,"href":"https:\/\/blogdoedvaldomagalhaes.com.br\/index.php\/wp-json\/wp\/v2\/media\/53744"}],"wp:attachment":[{"href":"https:\/\/blogdoedvaldomagalhaes.com.br\/index.php\/wp-json\/wp\/v2\/media?parent=53743"}],"wp:term":[{"taxonomy":"category","embeddable":true,"href":"https:\/\/blogdoedvaldomagalhaes.com.br\/index.php\/wp-json\/wp\/v2\/categories?post=53743"},{"taxonomy":"post_tag","embeddable":true,"href":"https:\/\/blogdoedvaldomagalhaes.com.br\/index.php\/wp-json\/wp\/v2\/tags?post=53743"}],"curies":[{"name":"wp","href":"https:\/\/api.w.org\/{rel}","templated":true}]}}