{"id":53695,"date":"2020-04-05T07:22:57","date_gmt":"2020-04-05T10:22:57","guid":{"rendered":"http:\/\/blogdoedvaldomagalhaes.com.br\/?p=53695"},"modified":"2020-04-05T07:23:03","modified_gmt":"2020-04-05T10:23:03","slug":"solidariedade-e-mais-um-partido-a-declarar-apoio-a-pre-candidatura-de-raffie-dellon","status":"publish","type":"post","link":"https:\/\/blogdoedvaldomagalhaes.com.br\/index.php\/2020\/04\/05\/solidariedade-e-mais-um-partido-a-declarar-apoio-a-pre-candidatura-de-raffie-dellon\/","title":{"rendered":"Solidariedade \u00e9 mais um partido a declarar\u00a0apoio \u00e0 Pr\u00e9-candidatura de Raffi\u00ea Dellon"},"content":{"rendered":"<p style=\"text-align: justify;\"><span style=\"font-size: inherit;\">O pr\u00e9-candidato \u00e0 Prefeito de Caruaru, Raffi\u00ea Dellon, segue intensamente nas articula\u00e7\u00f5es visando as elei\u00e7\u00f5es de outubro. Depois de ter recebido o apoio do PV, e do DC, desta vez foi o Solidariedade que declarou apoio a sua pr\u00e9-candidatura. O partido ser\u00e1 presidido em Caruaru pelo Contador Diogo Lima. A articula\u00e7\u00e3o se deu atrav\u00e9s do Presidente Estadual da Legenda, o Deputado Federal Augusto Coutinho e do Tesoureiro Kaio Mani\u00e7oba, que tamb\u00e9m \u00e9 Presidente do INCRA em Pernambuco. &#8220;Toda articula\u00e7\u00e3o \u00e9 uma constru\u00e7\u00e3o, sou grato a Augusto Coutinho e a Kaio Mani\u00e7oba, que est\u00e3o apostando nesse projeto da Nova Pol\u00edtica de Caruaru. O Solidariedade chega para\u00a0ser protagonista no Time 55&#8221;. Comentou Dellon. A futura Coliga\u00e7\u00e3o Majorit\u00e1ria de Raffi\u00ea j\u00e1 conta com quatro partidos: PSD, PV, DC e Solidariedade, o que j\u00e1 soma um tempo consider\u00e1vel para o\u00a0Guia Eleitoral\u00a0de R\u00e1dio e TV.<\/span><\/p>\n","protected":false},"excerpt":{"rendered":"<p>O pr\u00e9-candidato \u00e0 Prefeito de Caruaru, Raffi\u00ea Dellon, segue intensamente nas articula\u00e7\u00f5es visando as elei\u00e7\u00f5es de outubro. Depois de ter&hellip;<\/p>\n","protected":false},"author":1,"featured_media":53696,"comment_status":"open","ping_status":"open","sticky":false,"template":"","format":"standard","meta":{"footnotes":""},"categories":[14122],"tags":[2,16881,17730],"class_list":["post-53695","post","type-post","status-publish","format-standard","has-post-thumbnail","hentry","category-politica","tag-blog-do-edvaldo-magalhaes","tag-caruaru-e-regiao","tag-solidariedade-e-mais-um-partido-a-declarar-apoio-a-pre-candidatura-de-raffie-dellon"],"_links":{"self":[{"href":"https:\/\/blogdoedvaldomagalhaes.com.br\/index.php\/wp-json\/wp\/v2\/posts\/53695","targetHints":{"allow":["GET"]}}],"collection":[{"href":"https:\/\/blogdoedvaldomagalhaes.com.br\/index.php\/wp-json\/wp\/v2\/posts"}],"about":[{"href":"https:\/\/blogdoedvaldomagalhaes.com.br\/index.php\/wp-json\/wp\/v2\/types\/post"}],"author":[{"embeddable":true,"href":"https:\/\/blogdoedvaldomagalhaes.com.br\/index.php\/wp-json\/wp\/v2\/users\/1"}],"replies":[{"embeddable":true,"href":"https:\/\/blogdoedvaldomagalhaes.com.br\/index.php\/wp-json\/wp\/v2\/comments?post=53695"}],"version-history":[{"count":1,"href":"https:\/\/blogdoedvaldomagalhaes.com.br\/index.php\/wp-json\/wp\/v2\/posts\/53695\/revisions"}],"predecessor-version":[{"id":53697,"href":"https:\/\/blogdoedvaldomagalhaes.com.br\/index.php\/wp-json\/wp\/v2\/posts\/53695\/revisions\/53697"}],"wp:featuredmedia":[{"embeddable":true,"href":"https:\/\/blogdoedvaldomagalhaes.com.br\/index.php\/wp-json\/wp\/v2\/media\/53696"}],"wp:attachment":[{"href":"https:\/\/blogdoedvaldomagalhaes.com.br\/index.php\/wp-json\/wp\/v2\/media?parent=53695"}],"wp:term":[{"taxonomy":"category","embeddable":true,"href":"https:\/\/blogdoedvaldomagalhaes.com.br\/index.php\/wp-json\/wp\/v2\/categories?post=53695"},{"taxonomy":"post_tag","embeddable":true,"href":"https:\/\/blogdoedvaldomagalhaes.com.br\/index.php\/wp-json\/wp\/v2\/tags?post=53695"}],"curies":[{"name":"wp","href":"https:\/\/api.w.org\/{rel}","templated":true}]}}