{"id":53687,"date":"2020-04-04T23:21:21","date_gmt":"2020-04-05T02:21:21","guid":{"rendered":"http:\/\/blogdoedvaldomagalhaes.com.br\/?p=53687"},"modified":"2020-04-04T23:21:22","modified_gmt":"2020-04-05T02:21:22","slug":"perpetua-dantas-deixa-governo-municipal-para-disputar-vaga-na-camara-de-caruaru","status":"publish","type":"post","link":"https:\/\/blogdoedvaldomagalhaes.com.br\/index.php\/2020\/04\/04\/perpetua-dantas-deixa-governo-municipal-para-disputar-vaga-na-camara-de-caruaru\/","title":{"rendered":"Perp\u00e9tua Dantas deixa governo municipal para disputar vaga na C\u00e2mara de Caruaru"},"content":{"rendered":"<p style=\"text-align: justify;\">A advogada Perp\u00e9tua Dantas pediu exonera\u00e7\u00e3o na Prefeitura de Caruaru, se desincompatibilizando do cargo de Secret\u00e1ria Municipal para ficar \u00e1pta para disputar uma vaga na C\u00e2mara de Vereadores de Caruaru. A exonera\u00e7\u00e3o a pedido, foi publicada no Di\u00e1rio Oficial do munic\u00edpio.<\/p>\n<p style=\"text-align: justify;\">Perp\u00e9tua Dantas assumiu a Secretaria Municipal de Pol\u00edticas para Mulheres , no in\u00edcio da gest\u00e3o Raquel Lyra (PSDB), e depois assumiu a Secretaria Municipal de Desenvolvimento Social e Direitos Humanos. Perpetua foi a \u00fanica que deixou o governo, e ser\u00e1 substitu\u00edda pelo Secret\u00e1rio Executivo da pasta, Carlos Eduardo.<\/p>\n","protected":false},"excerpt":{"rendered":"<p>A advogada Perp\u00e9tua Dantas pediu exonera\u00e7\u00e3o na Prefeitura de Caruaru, se desincompatibilizando do cargo de Secret\u00e1ria Municipal para ficar \u00e1pta&hellip;<\/p>\n","protected":false},"author":1,"featured_media":53688,"comment_status":"open","ping_status":"open","sticky":false,"template":"","format":"standard","meta":{"footnotes":""},"categories":[14122],"tags":[2,16881,17728],"class_list":["post-53687","post","type-post","status-publish","format-standard","has-post-thumbnail","hentry","category-politica","tag-blog-do-edvaldo-magalhaes","tag-caruaru-e-regiao","tag-perpetua-dantas-deixa-governo-municipal-para-disputar-vaga-na-camara-de-caruaru"],"_links":{"self":[{"href":"https:\/\/blogdoedvaldomagalhaes.com.br\/index.php\/wp-json\/wp\/v2\/posts\/53687","targetHints":{"allow":["GET"]}}],"collection":[{"href":"https:\/\/blogdoedvaldomagalhaes.com.br\/index.php\/wp-json\/wp\/v2\/posts"}],"about":[{"href":"https:\/\/blogdoedvaldomagalhaes.com.br\/index.php\/wp-json\/wp\/v2\/types\/post"}],"author":[{"embeddable":true,"href":"https:\/\/blogdoedvaldomagalhaes.com.br\/index.php\/wp-json\/wp\/v2\/users\/1"}],"replies":[{"embeddable":true,"href":"https:\/\/blogdoedvaldomagalhaes.com.br\/index.php\/wp-json\/wp\/v2\/comments?post=53687"}],"version-history":[{"count":1,"href":"https:\/\/blogdoedvaldomagalhaes.com.br\/index.php\/wp-json\/wp\/v2\/posts\/53687\/revisions"}],"predecessor-version":[{"id":53689,"href":"https:\/\/blogdoedvaldomagalhaes.com.br\/index.php\/wp-json\/wp\/v2\/posts\/53687\/revisions\/53689"}],"wp:featuredmedia":[{"embeddable":true,"href":"https:\/\/blogdoedvaldomagalhaes.com.br\/index.php\/wp-json\/wp\/v2\/media\/53688"}],"wp:attachment":[{"href":"https:\/\/blogdoedvaldomagalhaes.com.br\/index.php\/wp-json\/wp\/v2\/media?parent=53687"}],"wp:term":[{"taxonomy":"category","embeddable":true,"href":"https:\/\/blogdoedvaldomagalhaes.com.br\/index.php\/wp-json\/wp\/v2\/categories?post=53687"},{"taxonomy":"post_tag","embeddable":true,"href":"https:\/\/blogdoedvaldomagalhaes.com.br\/index.php\/wp-json\/wp\/v2\/tags?post=53687"}],"curies":[{"name":"wp","href":"https:\/\/api.w.org\/{rel}","templated":true}]}}