{"id":5366,"date":"2017-07-14T15:22:00","date_gmt":"2017-07-14T18:22:00","guid":{"rendered":"http:\/\/blogdoedvaldomagalhaes.com.br\/index.php\/2017\/07\/14\/programacao-da-festa-das-marocas-2017\/"},"modified":"2019-02-09T01:35:30","modified_gmt":"2019-02-09T03:35:30","slug":"programacao-da-festa-das-marocas-2017","status":"publish","type":"post","link":"https:\/\/blogdoedvaldomagalhaes.com.br\/index.php\/2017\/07\/14\/programacao-da-festa-das-marocas-2017\/","title":{"rendered":"Programa\u00e7\u00e3o da Festa das Marocas 2017 em Belo Jardim"},"content":{"rendered":"<div class=\"separator\" style=\"clear: both; text-align: center;\">\n<a href=\"https:\/\/2.bp.blogspot.com\/-pjEKAYtRpPo\/WWjhaqY7ruI\/AAAAAAAAZdI\/KLRCTJR-A-AtGgctRUQu-LVO2mDVKb71QCLcBGAs\/s1600\/festa.jpg\" imageanchor=\"1\" style=\"margin-left: 1em; margin-right: 1em;\"><img loading=\"lazy\" decoding=\"async\" border=\"0\" data-original-height=\"300\" data-original-width=\"400\" height=\"300\" src=\"http:\/\/blogdoedvaldomagalhaes.com.br\/wp-content\/uploads\/2017\/07\/festa-2.jpg\" width=\"400\" \/><\/a><\/div>\n<div class=\"MsoNormal\" style=\"line-height: normal; margin-bottom: .0001pt; margin-bottom: 0cm; text-align: justify;\">\n<\/div>\n<div class=\"MsoNormal\" style=\"line-height: normal; margin-bottom: .0001pt; margin-bottom: 0cm; text-align: justify;\">\nDivulgada a programa\u00e7\u00e3o da 47\u00b0 Festa das Marocas, patrim\u00f4nio<br \/>\nimaterial de Pernambuco, que este ano homenageia a &#8220;maroca&#8221; fundadora<br \/>\ndo evento Maria Jos\u00e9 Lima e o hist\u00f3rico animador da festa Otoni Rodrigues<br \/>\nPropaganda, ambos \u201cin memorian&#8221;. O evento ocorrer\u00e1 entre os dias 21 e 24<br \/>\ndeste m\u00eas.<\/p>\n<p>A abertura do evento, que tamb\u00e9m \u00e9 chamado de &#8220;Reden\u00e7\u00e3o&#8221;, ser\u00e1 na<br \/>\nmanh\u00e3 da sexta-feira (21), com o tradicional caf\u00e9 da manh\u00e3, \u00e0s 5h, na cal\u00e7ada<br \/>\nda prefeitura.<\/p>\n<p>J\u00e1 no final da tarde, por volta das 16h, o<br \/>\nhist\u00f3rico Carro da Pit\u00fa, de Otoni Propaganda, volta a fazer a abertura da festa<br \/>\nap\u00f3s 20 anos. Ele descer\u00e1 da Cohab I, animando o p\u00fablico com as can\u00e7\u00f5es<br \/>\ntradicionais que marcaram as mais de quatro d\u00e9cadas da &#8220;Reden\u00e7\u00e3o&#8221;,<br \/>\nat\u00e9 a Avenida Deputado Jos\u00e9 Mendon\u00e7a Bezerra, no Centro, que sediar\u00e1 de volta a<br \/>\nFesta das Marocas neste ano. O local foi escolhido mediante enquete feita com a<br \/>\npopula\u00e7\u00e3o.&nbsp;<\/p>\n<p>No s\u00e1bado (22), a partir das 19h, o Carro da<br \/>\nPit\u00fa abrir\u00e1 a noite com muita m\u00fasica, anima\u00e7\u00e3o e todas can\u00e7\u00f5es tradicionais que<br \/>\nfizeram parte do passado da festa, a exemplo das cirandas e forr\u00f3 p\u00e9 de serra.<br \/>\nJ\u00e1 a partir das 21h, no palco principal, se apresentam a banda Forr\u00f3 dos Firmas,<br \/>\na dupla sertaneja Gleydson e Henrick, e o paraibano Ton Oliveira.<\/p>\n<p>J\u00e1 no domingo (23), como tradi\u00e7\u00e3o no passado, o<br \/>\ncarro da Pit\u00fa abre a festa com a apresenta\u00e7\u00e3o de quadrilhas juninas e muita<br \/>\nanima\u00e7\u00e3o, a partir das 15h. J\u00e1 \u00e0 noite, partir das 21h, sobem ao palco<br \/>\nprincipal o forrozeiro Fl\u00e1vio Leandro, a banda Gavi\u00f5es do Forr\u00f3 e encerrando a<br \/>\nfesta, a banda Brasas do Forr\u00f3.<\/p>\n<p>Na segunda feira (24), feriado municipal, a<br \/>\npartir das 16h, o Carro da Pit\u00fa parte da Avenida Jos\u00e9 Mendon\u00e7a Bezerra com<br \/>\ndestino final a Cohab I, fazendo assim o encerramento oficial da 48\u00aa Festa das<br \/>\nMarocas.<\/p>\n<p>Durante todos os dias da festividade, haver\u00e1<br \/>\nainda shows e apresenta\u00e7\u00f5es culturais no palco alternativo, montado na Pra\u00e7a<br \/>\nAgamenon Rodrigues Caraciolo, popularmente conhecida como Pra\u00e7a dos Correios,<br \/>\nassim como parques de divers\u00f5es que estar\u00e3o em funcionamento na Pra\u00e7a Padre<br \/>\nC\u00edcero.<\/p>\n<p><b>Estrutura e seguran\u00e7a<\/b><\/p>\n<p>Ap\u00f3s muitos anos de realiza\u00e7\u00e3o no P\u00e1tio de<br \/>\nEventos, a Festa das Marocas retorna ao Centro de Belo Jardim em 2017.<\/p>\n<p>Toda a \u00e1rea da festa ser\u00e1 isolada pela Pol\u00edcia<br \/>\nMilitar, que contar\u00e1 com um corredor exclusivo para circula\u00e7\u00e3o de policiais na<br \/>\n\u00e1rea dos shows. O evento ter\u00e1 cinco acessos, todos com a\u00e7\u00e3o de revista de<br \/>\npessoas. Dez disciplinadores (grades de bloqueio) ser\u00e3o instalados em ruas nos<br \/>\narredores do evento.<\/p>\n<p>Al\u00e9m da PM, equipes da Pol\u00edcia Rodovi\u00e1ria, Corpo<br \/>\nde Bombeiros, Vigil\u00e2ncia Sanit\u00e1ria, Secretaria Municipal de Sa\u00fade, Conselho<br \/>\nTutelar e Departamento Estadual de Tr\u00e2nsito de Pernambuco (Detran) tamb\u00e9m v\u00e3o<br \/>\natuar no local e nas imedia\u00e7\u00f5es da festa. Confira a programa\u00e7\u00e3o abaixo.&nbsp;<\/p>\n<p><b>Sexta-feira, 21<\/b><br \/>\n5h &#8211; Caf\u00e9 da Manh\u00e3&nbsp;<br \/>\n16 &#8211; Chegada do Carro da Pit\u00fa<br \/>\n21h &#8211; Abertura oficial (Carro da Pit\u00fa)<\/p>\n<p><b>S\u00e1bado, 22<\/b><br \/>\n19h &#8211; Carro da Pit\u00fa<br \/>\n21h &#8211; Dupla sertaneja Gleydson &amp; Henrick<br \/>\n(palco principal)<br \/>\n22h30 &#8211; Forr\u00f3 dos Firmas (palco principal)<br \/>\n0h &#8211; Ton Oliveira (palco principal)<\/p>\n<p><b>Domingo, 23<\/b><br \/>\n15h &#8211; Quadrilhas juninas e apresenta\u00e7\u00f5es<br \/>\nculturais<br \/>\n19h &#8211; Carro da Pit\u00fa<br \/>\n21h &#8211; Gavi\u00f5es do Forr\u00f3 (palco principal)<br \/>\n22h30 &#8211; Fl\u00e1vio Leandro (palco principal)<br \/>\n0h &#8211; Brasas do Forr\u00f3 (palco principal)<\/p>\n<p><b>Segunda-feira, 24<\/b><br \/>\n16h &#8211; Sa\u00edda do Carro da Pit\u00fa<\/p>\n<div class=\"separator\" style=\"clear: both; text-align: center;\">\n<a href=\"http:\/\/blogdoedvaldomagalhaes.com.br\/wp-content\/uploads\/2017\/07\/saga-2.jpg\" imageanchor=\"1\" style=\"clear: left; float: left; margin-bottom: 1em; margin-right: 1em;\"><img decoding=\"async\" border=\"0\" data-original-height=\"100\" data-original-width=\"570\" src=\"http:\/\/blogdoedvaldomagalhaes.com.br\/wp-content\/uploads\/2017\/07\/saga-2.jpg\" \/><\/a><\/div>\n<p><\/div>\n","protected":false},"excerpt":{"rendered":"<p>Divulgada a programa\u00e7\u00e3o da 47\u00b0 Festa das Marocas, patrim\u00f4nio imaterial de Pernambuco, que este ano homenageia a &#8220;maroca&#8221; fundadora do&hellip;<\/p>\n","protected":false},"author":1,"featured_media":0,"comment_status":"open","ping_status":"open","sticky":false,"template":"","format":"standard","meta":{"footnotes":""},"categories":[1],"tags":[2,6,7119],"class_list":["post-5366","post","type-post","status-publish","format-standard","hentry","category-sem-categoria","tag-blog-do-edvaldo-magalhaes","tag-noticias","tag-programacao-da-festa-das-marocas-2017-em-belo-jardim"],"_links":{"self":[{"href":"https:\/\/blogdoedvaldomagalhaes.com.br\/index.php\/wp-json\/wp\/v2\/posts\/5366","targetHints":{"allow":["GET"]}}],"collection":[{"href":"https:\/\/blogdoedvaldomagalhaes.com.br\/index.php\/wp-json\/wp\/v2\/posts"}],"about":[{"href":"https:\/\/blogdoedvaldomagalhaes.com.br\/index.php\/wp-json\/wp\/v2\/types\/post"}],"author":[{"embeddable":true,"href":"https:\/\/blogdoedvaldomagalhaes.com.br\/index.php\/wp-json\/wp\/v2\/users\/1"}],"replies":[{"embeddable":true,"href":"https:\/\/blogdoedvaldomagalhaes.com.br\/index.php\/wp-json\/wp\/v2\/comments?post=5366"}],"version-history":[{"count":1,"href":"https:\/\/blogdoedvaldomagalhaes.com.br\/index.php\/wp-json\/wp\/v2\/posts\/5366\/revisions"}],"predecessor-version":[{"id":22078,"href":"https:\/\/blogdoedvaldomagalhaes.com.br\/index.php\/wp-json\/wp\/v2\/posts\/5366\/revisions\/22078"}],"wp:attachment":[{"href":"https:\/\/blogdoedvaldomagalhaes.com.br\/index.php\/wp-json\/wp\/v2\/media?parent=5366"}],"wp:term":[{"taxonomy":"category","embeddable":true,"href":"https:\/\/blogdoedvaldomagalhaes.com.br\/index.php\/wp-json\/wp\/v2\/categories?post=5366"},{"taxonomy":"post_tag","embeddable":true,"href":"https:\/\/blogdoedvaldomagalhaes.com.br\/index.php\/wp-json\/wp\/v2\/tags?post=5366"}],"curies":[{"name":"wp","href":"https:\/\/api.w.org\/{rel}","templated":true}]}}