{"id":5365,"date":"2017-07-14T15:29:00","date_gmt":"2017-07-14T18:29:00","guid":{"rendered":"http:\/\/blogdoedvaldomagalhaes.com.br\/index.php\/2017\/07\/14\/festa-de-nossa-senhora-do-carmo-e\/"},"modified":"2019-02-09T01:35:31","modified_gmt":"2019-02-09T03:35:31","slug":"festa-de-nossa-senhora-do-carmo-e","status":"publish","type":"post","link":"https:\/\/blogdoedvaldomagalhaes.com.br\/index.php\/2017\/07\/14\/festa-de-nossa-senhora-do-carmo-e\/","title":{"rendered":"Festa de Nossa Senhora do Carmo em Caruaru prossegue at\u00e9 domingo (16)"},"content":{"rendered":"<div class=\"separator\" style=\"clear: both; text-align: center;\">\n<a href=\"https:\/\/4.bp.blogspot.com\/-cjdpD0t5g-Y\/WWjjL3b5FaI\/AAAAAAAAZdQ\/ASjbELW7blI0mM0oiOWYtTMmlLhPbcxhQCLcBGAs\/s1600\/WhatsApp%2BImage%2B2017-07-14%2Bat%2B07.46.27.jpeg\" imageanchor=\"1\" style=\"margin-left: 1em; margin-right: 1em;\"><img loading=\"lazy\" decoding=\"async\" border=\"0\" data-original-height=\"839\" data-original-width=\"1175\" height=\"285\" src=\"http:\/\/blogdoedvaldomagalhaes.com.br\/wp-content\/uploads\/2017\/07\/WhatsAppImage2017-07-14at07.46.27.jpeg\" width=\"400\" \/><\/a><\/div>\n<div class=\"MsoNormal\" style=\"text-align: justify;\">\n<\/div>\n<div class=\"MsoNormal\" style=\"text-align: justify;\">\nPr\u00f3ximo domingo (16), dia dedicado a Nossa Senhora do Carmo, o bairro do<br \/>\nSalgado em Caruaru estar\u00e1 em festa. Pois, a par\u00f3quia do maior bairro da cidade,<br \/>\n\u00e9 dedicada a ela. Assim, as festividades come\u00e7am cedo:<br style=\"text-align: start;\" \/><br \/>\n<br style=\"text-align: start;\" \/><br \/>\n6h -&gt; Alvorada Festiva;<br style=\"text-align: start;\" \/><br \/>\n7h -&gt; Missa Festiva presidida pelo Pe. Emerson Mozart;<br style=\"text-align: start;\" \/><br \/>\n10h -&gt; Solene Concelebra\u00e7\u00e3o Eucar\u00edstica presidida pelo<br \/>\nbispo diocesano Dom Bernardino Marchi\u00f3;<br style=\"text-align: start;\" \/><br \/>\n18h -&gt; Solene prociss\u00e3o com a imagem de Nossa Senhora do<br \/>\nCarmo, percorrendo as principais ruas do bairro do Salgado;<br style=\"text-align: start;\" \/><br \/>\n19h -&gt; Missa Festiva presidida pelo Pe. Sandro Sebasti\u00e3o.<br style=\"text-align: start;\" \/><br \/>\n<br style=\"text-align: start;\" \/><br \/>\nAp\u00f3s a missa das 19h, haver\u00e1 um momento cultural com a<br \/>\ncantora \u00c9lida e banda.<\/p>\n<div class=\"separator\" style=\"clear: both; text-align: center;\">\n<a href=\"http:\/\/blogdoedvaldomagalhaes.com.br\/wp-content\/uploads\/2017\/07\/str-1.jpg\" imageanchor=\"1\" style=\"clear: left; float: left; margin-bottom: 1em; margin-right: 1em;\"><img decoding=\"async\" border=\"0\" data-original-height=\"100\" data-original-width=\"570\" src=\"http:\/\/blogdoedvaldomagalhaes.com.br\/wp-content\/uploads\/2017\/07\/str-1.jpg\" \/><\/a><\/div>\n<p><\/div>\n","protected":false},"excerpt":{"rendered":"<p>Pr\u00f3ximo domingo (16), dia dedicado a Nossa Senhora do Carmo, o bairro do Salgado em Caruaru estar\u00e1 em festa. Pois,&hellip;<\/p>\n","protected":false},"author":1,"featured_media":0,"comment_status":"open","ping_status":"open","sticky":false,"template":"","format":"standard","meta":{"footnotes":""},"categories":[1],"tags":[2,7118,6],"class_list":["post-5365","post","type-post","status-publish","format-standard","hentry","category-sem-categoria","tag-blog-do-edvaldo-magalhaes","tag-festa-de-nossa-senhora-do-carmo-em-caruaru-prossegue-ate-domingo-16","tag-noticias"],"_links":{"self":[{"href":"https:\/\/blogdoedvaldomagalhaes.com.br\/index.php\/wp-json\/wp\/v2\/posts\/5365","targetHints":{"allow":["GET"]}}],"collection":[{"href":"https:\/\/blogdoedvaldomagalhaes.com.br\/index.php\/wp-json\/wp\/v2\/posts"}],"about":[{"href":"https:\/\/blogdoedvaldomagalhaes.com.br\/index.php\/wp-json\/wp\/v2\/types\/post"}],"author":[{"embeddable":true,"href":"https:\/\/blogdoedvaldomagalhaes.com.br\/index.php\/wp-json\/wp\/v2\/users\/1"}],"replies":[{"embeddable":true,"href":"https:\/\/blogdoedvaldomagalhaes.com.br\/index.php\/wp-json\/wp\/v2\/comments?post=5365"}],"version-history":[{"count":1,"href":"https:\/\/blogdoedvaldomagalhaes.com.br\/index.php\/wp-json\/wp\/v2\/posts\/5365\/revisions"}],"predecessor-version":[{"id":22081,"href":"https:\/\/blogdoedvaldomagalhaes.com.br\/index.php\/wp-json\/wp\/v2\/posts\/5365\/revisions\/22081"}],"wp:attachment":[{"href":"https:\/\/blogdoedvaldomagalhaes.com.br\/index.php\/wp-json\/wp\/v2\/media?parent=5365"}],"wp:term":[{"taxonomy":"category","embeddable":true,"href":"https:\/\/blogdoedvaldomagalhaes.com.br\/index.php\/wp-json\/wp\/v2\/categories?post=5365"},{"taxonomy":"post_tag","embeddable":true,"href":"https:\/\/blogdoedvaldomagalhaes.com.br\/index.php\/wp-json\/wp\/v2\/tags?post=5365"}],"curies":[{"name":"wp","href":"https:\/\/api.w.org\/{rel}","templated":true}]}}