{"id":5364,"date":"2017-07-14T15:56:00","date_gmt":"2017-07-14T18:56:00","guid":{"rendered":"http:\/\/blogdoedvaldomagalhaes.com.br\/index.php\/2017\/07\/14\/contribuintes-sao-convocados-pagar\/"},"modified":"2019-02-09T01:35:31","modified_gmt":"2019-02-09T03:35:31","slug":"contribuintes-sao-convocados-pagar","status":"publish","type":"post","link":"https:\/\/blogdoedvaldomagalhaes.com.br\/index.php\/2017\/07\/14\/contribuintes-sao-convocados-pagar\/","title":{"rendered":"Contribuintes s\u00e3o convocados a pagar d\u00e9bito do IPVA atrasado"},"content":{"rendered":"<div class=\"separator\" style=\"clear: both; text-align: center;\">\n<a href=\"https:\/\/2.bp.blogspot.com\/-um85QttG90M\/WWjnnPyTzlI\/AAAAAAAAZdU\/xjXGTjyW1WcKlEualZowRamO4JuFXQ-YgCLcBGAs\/s1600\/ipva.jpg\" imageanchor=\"1\" style=\"margin-left: 1em; margin-right: 1em;\"><img loading=\"lazy\" decoding=\"async\" border=\"0\" data-original-height=\"194\" data-original-width=\"259\" height=\"299\" src=\"http:\/\/blogdoedvaldomagalhaes.com.br\/wp-content\/uploads\/2017\/07\/ipva.jpg\" width=\"400\" \/><\/a><\/div>\n<div style=\"background: white; margin-bottom: 7.5pt; margin-left: 0cm; margin-right: 0cm; margin-top: 0cm; mso-line-height-alt: 18.0pt; text-align: justify;\">\n<\/div>\n<div style=\"background: white; margin-bottom: 7.5pt; margin-left: 0cm; margin-right: 0cm; margin-top: 0cm; mso-line-height-alt: 18.0pt; text-align: justify;\">\nMais de<br \/>\n50 mil contribuintes possuem d\u00e9bitos referentes ao IPVA em Pernambuco. A<br \/>\nSecretaria da Fazenda do Estado (Sefaz) est\u00e1 enviando correspond\u00eancia<br \/>\nconcedendo a eles a oportunidade de pagarem o imposto sem serem notificados.<\/div>\n<p><\/p>\n<div style=\"background: white; box-sizing: border-box; margin: 0cm 0cm 7.5pt; text-align: justify;\">\nO prazo vai at\u00e9 o dia 28 deste m\u00eas. O contribuinte que n\u00e3o efetuar<br \/>\no recolhimento ser\u00e1 inscrito na d\u00edvida p\u00fablica do Estado.<\/p>\n<div class=\"separator\" style=\"clear: both; text-align: center;\">\n<a href=\"http:\/\/blogdoedvaldomagalhaes.com.br\/wp-content\/uploads\/2017\/07\/sintracon-2.jpg\" imageanchor=\"1\" style=\"clear: left; float: left; margin-bottom: 1em; margin-right: 1em;\"><img decoding=\"async\" border=\"0\" data-original-height=\"100\" data-original-width=\"570\" src=\"http:\/\/blogdoedvaldomagalhaes.com.br\/wp-content\/uploads\/2017\/07\/sintracon-2.jpg\" \/><\/a><\/div>\n<p><\/div>\n","protected":false},"excerpt":{"rendered":"<p>Mais de 50 mil contribuintes possuem d\u00e9bitos referentes ao IPVA em Pernambuco. A Secretaria da Fazenda do Estado (Sefaz) est\u00e1&hellip;<\/p>\n","protected":false},"author":1,"featured_media":0,"comment_status":"open","ping_status":"open","sticky":false,"template":"","format":"standard","meta":{"footnotes":""},"categories":[1],"tags":[2,7117,6],"class_list":["post-5364","post","type-post","status-publish","format-standard","hentry","category-sem-categoria","tag-blog-do-edvaldo-magalhaes","tag-contribuintes-sao-convocados-a-pagar-debito-do-ipva-atrasado","tag-noticias"],"_links":{"self":[{"href":"https:\/\/blogdoedvaldomagalhaes.com.br\/index.php\/wp-json\/wp\/v2\/posts\/5364","targetHints":{"allow":["GET"]}}],"collection":[{"href":"https:\/\/blogdoedvaldomagalhaes.com.br\/index.php\/wp-json\/wp\/v2\/posts"}],"about":[{"href":"https:\/\/blogdoedvaldomagalhaes.com.br\/index.php\/wp-json\/wp\/v2\/types\/post"}],"author":[{"embeddable":true,"href":"https:\/\/blogdoedvaldomagalhaes.com.br\/index.php\/wp-json\/wp\/v2\/users\/1"}],"replies":[{"embeddable":true,"href":"https:\/\/blogdoedvaldomagalhaes.com.br\/index.php\/wp-json\/wp\/v2\/comments?post=5364"}],"version-history":[{"count":1,"href":"https:\/\/blogdoedvaldomagalhaes.com.br\/index.php\/wp-json\/wp\/v2\/posts\/5364\/revisions"}],"predecessor-version":[{"id":22084,"href":"https:\/\/blogdoedvaldomagalhaes.com.br\/index.php\/wp-json\/wp\/v2\/posts\/5364\/revisions\/22084"}],"wp:attachment":[{"href":"https:\/\/blogdoedvaldomagalhaes.com.br\/index.php\/wp-json\/wp\/v2\/media?parent=5364"}],"wp:term":[{"taxonomy":"category","embeddable":true,"href":"https:\/\/blogdoedvaldomagalhaes.com.br\/index.php\/wp-json\/wp\/v2\/categories?post=5364"},{"taxonomy":"post_tag","embeddable":true,"href":"https:\/\/blogdoedvaldomagalhaes.com.br\/index.php\/wp-json\/wp\/v2\/tags?post=5364"}],"curies":[{"name":"wp","href":"https:\/\/api.w.org\/{rel}","templated":true}]}}