{"id":53638,"date":"2020-04-03T23:25:48","date_gmt":"2020-04-04T02:25:48","guid":{"rendered":"http:\/\/blogdoedvaldomagalhaes.com.br\/?p=53638"},"modified":"2020-04-03T23:25:49","modified_gmt":"2020-04-04T02:25:49","slug":"prefeito-de-timbauba-reduz-o-proprio-salario-do-vice-e-secretarios-para-aplicar-na-saude","status":"publish","type":"post","link":"https:\/\/blogdoedvaldomagalhaes.com.br\/index.php\/2020\/04\/03\/prefeito-de-timbauba-reduz-o-proprio-salario-do-vice-e-secretarios-para-aplicar-na-saude\/","title":{"rendered":"Prefeito de Timba\u00faba reduz o pr\u00f3prio sal\u00e1rio, do vice e Secret\u00e1rios para aplicar na sa\u00fade"},"content":{"rendered":"<p style=\"text-align: justify;\">O prefeito Ulisses Felinto (PSDB), anunciou na noite desta quinta-feira (02) a redu\u00e7\u00e3o do seu pr\u00f3prio sal\u00e1rio em 50% para que seja aplicado na sa\u00fade p\u00fablica do munic\u00edpio, no que se trata do combate a pandemia do coronav\u00edrus.<\/p>\n<p>Junto a essa decis\u00e3o, o prefeito tamb\u00e9m adota a medida de reduzir o sal\u00e1rio do vice-prefeito Bartolomeu Ferreira Lima (PMDB) em 20% e dos seus secret\u00e1rios em 10%.<\/p>\n<p>O prefeito afirmou ainda que estar\u00e1 contratando 07 novos m\u00e9dicos para refor\u00e7ar ainda mais o atendimento no munic\u00edpio.<\/p>\n","protected":false},"excerpt":{"rendered":"<p>O prefeito Ulisses Felinto (PSDB), anunciou na noite desta quinta-feira (02) a redu\u00e7\u00e3o do seu pr\u00f3prio sal\u00e1rio em 50% para&hellip;<\/p>\n","protected":false},"author":1,"featured_media":53639,"comment_status":"open","ping_status":"open","sticky":false,"template":"","format":"standard","meta":{"footnotes":""},"categories":[14122],"tags":[2,16881,17717,17716],"class_list":["post-53638","post","type-post","status-publish","format-standard","has-post-thumbnail","hentry","category-politica","tag-blog-do-edvaldo-magalhaes","tag-caruaru-e-regiao","tag-do-vice-e-secretarios-para-aplicar-na-saude","tag-prefeito-de-timbauba-reduz-o-proprio-salario"],"_links":{"self":[{"href":"https:\/\/blogdoedvaldomagalhaes.com.br\/index.php\/wp-json\/wp\/v2\/posts\/53638","targetHints":{"allow":["GET"]}}],"collection":[{"href":"https:\/\/blogdoedvaldomagalhaes.com.br\/index.php\/wp-json\/wp\/v2\/posts"}],"about":[{"href":"https:\/\/blogdoedvaldomagalhaes.com.br\/index.php\/wp-json\/wp\/v2\/types\/post"}],"author":[{"embeddable":true,"href":"https:\/\/blogdoedvaldomagalhaes.com.br\/index.php\/wp-json\/wp\/v2\/users\/1"}],"replies":[{"embeddable":true,"href":"https:\/\/blogdoedvaldomagalhaes.com.br\/index.php\/wp-json\/wp\/v2\/comments?post=53638"}],"version-history":[{"count":1,"href":"https:\/\/blogdoedvaldomagalhaes.com.br\/index.php\/wp-json\/wp\/v2\/posts\/53638\/revisions"}],"predecessor-version":[{"id":53640,"href":"https:\/\/blogdoedvaldomagalhaes.com.br\/index.php\/wp-json\/wp\/v2\/posts\/53638\/revisions\/53640"}],"wp:featuredmedia":[{"embeddable":true,"href":"https:\/\/blogdoedvaldomagalhaes.com.br\/index.php\/wp-json\/wp\/v2\/media\/53639"}],"wp:attachment":[{"href":"https:\/\/blogdoedvaldomagalhaes.com.br\/index.php\/wp-json\/wp\/v2\/media?parent=53638"}],"wp:term":[{"taxonomy":"category","embeddable":true,"href":"https:\/\/blogdoedvaldomagalhaes.com.br\/index.php\/wp-json\/wp\/v2\/categories?post=53638"},{"taxonomy":"post_tag","embeddable":true,"href":"https:\/\/blogdoedvaldomagalhaes.com.br\/index.php\/wp-json\/wp\/v2\/tags?post=53638"}],"curies":[{"name":"wp","href":"https:\/\/api.w.org\/{rel}","templated":true}]}}