{"id":5363,"date":"2017-07-14T19:39:00","date_gmt":"2017-07-14T22:39:00","guid":{"rendered":"http:\/\/blogdoedvaldomagalhaes.com.br\/index.php\/2017\/07\/14\/sismuc-regional-funciona-normalmente-e\/"},"modified":"2019-02-09T01:35:31","modified_gmt":"2019-02-09T03:35:31","slug":"sismuc-regional-funciona-normalmente-e","status":"publish","type":"post","link":"https:\/\/blogdoedvaldomagalhaes.com.br\/index.php\/2017\/07\/14\/sismuc-regional-funciona-normalmente-e\/","title":{"rendered":"Sismuc Regional funciona normalmente e conv\u00eanios est\u00e3o mantidos"},"content":{"rendered":"<div class=\"separator\" style=\"clear: both; text-align: center;\">\n<a href=\"https:\/\/4.bp.blogspot.com\/-p_cz4Uq84sw\/WWkdCNSkl6I\/AAAAAAAAZdo\/5a6TjUgqYDQwRw_sg7TI8Jy6wZhlWWnugCLcBGAs\/s1600\/sismuc.jpg\" imageanchor=\"1\" style=\"margin-left: 1em; margin-right: 1em;\"><img loading=\"lazy\" decoding=\"async\" border=\"0\" data-original-height=\"1280\" data-original-width=\"837\" height=\"640\" src=\"http:\/\/blogdoedvaldomagalhaes.com.br\/wp-content\/uploads\/2017\/07\/sismuc-3.jpg\" width=\"411\" \/><\/a><\/div>\n<div style=\"text-align: justify;\">\n<\/div>\n<div style=\"text-align: justify;\">\nO SISMUC Regional, atrav\u00e9s do seu presidente Eduardo Mendon\u00e7a, emitiu &nbsp;um comunicado, esclarecendo aos servidores p\u00fablicos do Munic\u00edpio sobre seu funcionamento e repudia quem tentar prejudicar o atendimento di\u00e1rio do sindicato, com falsas informa\u00e7\u00f5es. &nbsp;<\/div>\n<div style=\"text-align: justify;\">\n<\/div>\n<div class=\"separator\" style=\"clear: both; text-align: center;\">\n<a href=\"http:\/\/blogdoedvaldomagalhaes.com.br\/wp-content\/uploads\/2017\/07\/2-Sismuc-4.jpg\" imageanchor=\"1\" style=\"clear: left; float: left; margin-bottom: 1em; margin-right: 1em;\"><img decoding=\"async\" border=\"0\" data-original-height=\"100\" data-original-width=\"570\" src=\"http:\/\/blogdoedvaldomagalhaes.com.br\/wp-content\/uploads\/2017\/07\/2-Sismuc-4.jpg\" \/><\/a><\/div>\n<div style=\"text-align: justify;\">\n<\/div>\n","protected":false},"excerpt":{"rendered":"<p>O SISMUC Regional, atrav\u00e9s do seu presidente Eduardo Mendon\u00e7a, emitiu &nbsp;um comunicado, esclarecendo aos servidores p\u00fablicos do Munic\u00edpio sobre seu&hellip;<\/p>\n","protected":false},"author":1,"featured_media":0,"comment_status":"open","ping_status":"open","sticky":false,"template":"","format":"standard","meta":{"footnotes":""},"categories":[1],"tags":[2,3236,6,7116],"class_list":["post-5363","post","type-post","status-publish","format-standard","hentry","category-sem-categoria","tag-blog-do-edvaldo-magalhaes","tag-eduardo-mendonca","tag-noticias","tag-sismuc-regional-funciona-normalmente-e-convenios-estao-mantidos"],"_links":{"self":[{"href":"https:\/\/blogdoedvaldomagalhaes.com.br\/index.php\/wp-json\/wp\/v2\/posts\/5363","targetHints":{"allow":["GET"]}}],"collection":[{"href":"https:\/\/blogdoedvaldomagalhaes.com.br\/index.php\/wp-json\/wp\/v2\/posts"}],"about":[{"href":"https:\/\/blogdoedvaldomagalhaes.com.br\/index.php\/wp-json\/wp\/v2\/types\/post"}],"author":[{"embeddable":true,"href":"https:\/\/blogdoedvaldomagalhaes.com.br\/index.php\/wp-json\/wp\/v2\/users\/1"}],"replies":[{"embeddable":true,"href":"https:\/\/blogdoedvaldomagalhaes.com.br\/index.php\/wp-json\/wp\/v2\/comments?post=5363"}],"version-history":[{"count":1,"href":"https:\/\/blogdoedvaldomagalhaes.com.br\/index.php\/wp-json\/wp\/v2\/posts\/5363\/revisions"}],"predecessor-version":[{"id":22087,"href":"https:\/\/blogdoedvaldomagalhaes.com.br\/index.php\/wp-json\/wp\/v2\/posts\/5363\/revisions\/22087"}],"wp:attachment":[{"href":"https:\/\/blogdoedvaldomagalhaes.com.br\/index.php\/wp-json\/wp\/v2\/media?parent=5363"}],"wp:term":[{"taxonomy":"category","embeddable":true,"href":"https:\/\/blogdoedvaldomagalhaes.com.br\/index.php\/wp-json\/wp\/v2\/categories?post=5363"},{"taxonomy":"post_tag","embeddable":true,"href":"https:\/\/blogdoedvaldomagalhaes.com.br\/index.php\/wp-json\/wp\/v2\/tags?post=5363"}],"curies":[{"name":"wp","href":"https:\/\/api.w.org\/{rel}","templated":true}]}}