{"id":53622,"date":"2020-04-03T14:02:38","date_gmt":"2020-04-03T17:02:38","guid":{"rendered":"http:\/\/blogdoedvaldomagalhaes.com.br\/?p=53622"},"modified":"2020-04-03T14:10:18","modified_gmt":"2020-04-03T17:10:18","slug":"famosos-confirmam-participacao-na-paixao-de-cristo-de-nova-jerusalem-em-setembro","status":"publish","type":"post","link":"https:\/\/blogdoedvaldomagalhaes.com.br\/index.php\/2020\/04\/03\/famosos-confirmam-participacao-na-paixao-de-cristo-de-nova-jerusalem-em-setembro\/","title":{"rendered":"Famosos confirmam participa\u00e7\u00e3o na Paix\u00e3o de Cristo de Nova Jerusal\u00e9m em setembro"},"content":{"rendered":"<p style=\"text-align: justify;\">Neste s\u00e1bado (04), seria a estreia de mais uma temporada da Paix\u00e3o de Cristo de Nova Jerusal\u00e9m. Contudo, pela primeira vez, em 53 anos de hist\u00f3ria, a temporada do espet\u00e1culo foi adiada devido as a\u00e7\u00f5es que est\u00e3o sendo adotadas no Pa\u00eds com o objetivo de combater a expans\u00e3o do cont\u00e1gio pelo coronav\u00edrus.<\/p>\n<p style=\"text-align: justify;\">O espet\u00e1culo, agora, ser\u00e1 apresentado no per\u00edodo de 2 a 7 de setembro deste ano. \u201cA preserva\u00e7\u00e3o da vida \u00e9 o mais importante neste momento, por isso resolvemos adiar mesmo diante de todos os grandes desafios que isso representa\u201d, afirmou Robinson Pacheco, presidente da Sociedade Teatral de Fazenda Nova.<\/p>\n<p style=\"text-align: justify;\">Um dos grandes desafios j\u00e1 foi vencido esta semana quando Pacheco conseguiu confirmar a participa\u00e7\u00e3o do elenco de artistas convidados para a temporada 2020. Caco Ciocler (Jesus), Edson Celulari (Herodes), Christine Fernandes (Maria), Juliana Knust (Madalena) e S\u00e9rgio Marone (Pilatos), al\u00e9m da destacada influenciadora digital Thaynara OG, que far\u00e1 o papel de Herod\u00edades garantiram presen\u00e7a na encena\u00e7\u00e3o de setembro.<\/p>\n<p style=\"text-align: justify;\">Al\u00e9m disso, dos cerca de 52 atores e atrizes pernambucanos que atuam na pe\u00e7a, apenas tr\u00eas ainda n\u00e3o confirmaram participa\u00e7\u00e3o por estarem ainda dependendo de negocia\u00e7\u00f5es relacionadas aos seus trabalhos atuais. \u201cTodos est\u00e3o unidos e solid\u00e1rios. Existe uma expectativa muito grande do elenco em rela\u00e7\u00e3o a setembro\u201d, afirma Carlos Reis o diretor art\u00edstico do espet\u00e1culo.<\/p>\n<p style=\"text-align: justify;\">Encenar o espet\u00e1culo cinco meses depois da Semana Santa ser\u00e1 uma experi\u00eancia totalmente nova para os produtores do espet\u00e1culo. \u201cTemos muito trabalho pela frente, mas acreditamos que tudo vai dar certo porque a Paix\u00e3o de Cristo \u00e9 um espet\u00e1culo reconhecido internacionalmente pela sua grandiosidade e esmero t\u00e9cnico o que, por si s\u00f3, j\u00e1 atrai o p\u00fablico interessado em entretenimento\u201d, afirma Robinson Pacheco.<\/p>\n<p style=\"text-align: justify;\">Quanto ao fato de o evento ser realizado em setembro, \u00e9poca que n\u00e3o ter\u00e1 o mesmo apelo religioso existente durante a P\u00e1scoa, ele afirma que a f\u00e9 est\u00e1 presente nas pessoas o ano todo e n\u00e3o s\u00f3 na Semana Santa. \u201cEm setembro, j\u00e1 teremos atravessado essa tempestade e todos n\u00f3s teremos muito o que agradecer\u201d, diz.<\/p>\n<p style=\"text-align: justify;\">Robinson tamb\u00e9m aposta no sentimento de pernambucanidade que sempre motivou a popula\u00e7\u00e3o a valorizar as coisas do seu Estado. \u201cA Paix\u00e3o de Cristo \u00e9 um patrim\u00f4nio de todos os pernambucanos que h\u00e1 53 anos vem contribuindo para projetar o nome do nosso Estado no Brasil e no mundo. Sendo assim, muitas pessoas vir\u00e3o assistir ao espet\u00e1culo tamb\u00e9m para nos ajudar a enfrentar esse grande desafio\u201d, ressalta.<\/p>\n<p style=\"text-align: justify;\">O espet\u00e1culo da Paix\u00e3o de Cristo de Nova Jerusal\u00e9m teve sua origem nas encena\u00e7\u00f5es do Drama do Calv\u00e1rio, realizadas nas ruas da vila de Fazenda Nova, distrito do munic\u00edpio do Brejo da Madre de Deus (PE), no per\u00edodo de 1951 a 1962. A iniciativa foi do patriarca da fam\u00edlia Mendon\u00e7a, o comerciante e l\u00edder pol\u00edtico local Epaminondas Mendon\u00e7a com o objetivo de movimentar o com\u00e9rcio da cidade.<\/p>\n<p style=\"text-align: justify;\">A ideia de construir um teatro que fosse uma r\u00e9plica da cidade de Jerusal\u00e9m para que nela ocorressem as encena\u00e7\u00f5es da Paix\u00e3o de Cristo, foi de Pl\u00ednio Pacheco, jornalista ga\u00facho, que chegou a Fazenda Nova em 1956. Mas o plano s\u00f3 veio a se concretizar em 1968, quando foi realizado o primeiro espet\u00e1culo na cidade-teatro de Nova Jerusal\u00e9m.<\/p>\n<p style=\"text-align: justify;\">\u201cA Nova Jerusal\u00e9m, constru\u00edda pelos meus pais Pl\u00ednio e Diva Pacheco, \u00e9 resultado de uma semeadura regada com suor e l\u00e1grimas que fez brotar um fruto de valor inestim\u00e1vel para a cultura, o entretenimento e celebra\u00e7\u00e3o da f\u00e9 dos pernambucanos. As lutas, portanto, fazem parte da nossa hist\u00f3ria. Por isso vamos para mais essa batalha realizando o dobro do esfor\u00e7o normal a fim de entregar ao p\u00fablico um espet\u00e1culo digno da tradi\u00e7\u00e3o e do prest\u00edgio conquistado pela Nova Jerusal\u00e9m ao longo de sua hist\u00f3ria\u201d, destacou Robinson.<\/p>\n<p style=\"text-align: justify;\">O esfor\u00e7o e a seriedade empreendidos na montagem do espet\u00e1culo da Paix\u00e3o de Cristo ao longo de sua hist\u00f3ria traduzem-se na satisfa\u00e7\u00e3o revelada pelo p\u00fablico nas pesquisas de opini\u00e3o. Todos os anos, cerca de 98% dos pesquisados consideram o espet\u00e1culo \u00f3timo ou bom. Al\u00e9m disso, quase 50% do p\u00fablico retornam para assistir ao espet\u00e1culo da Paix\u00e3o de Cristo de Nova Jerusal\u00e9m pelo menos mais uma vez. N\u00e3o \u00e9 sem motivos, portanto, que, ao longo dos seus mais de 50 anos de hist\u00f3ria, a Paix\u00e3o de Cristo j\u00e1 registra um p\u00fablico acumulado de mais de 4 milh\u00f5es de espectadores.<\/p>\n\n\n<figure class=\"wp-block-image size-large\"><img loading=\"lazy\" decoding=\"async\" width=\"1024\" height=\"682\" src=\"http:\/\/blogdoedvaldomagalhaes.com.br\/wp-content\/uploads\/2020\/04\/IMG-20200403-WA0178-1024x682.jpg\" alt=\"\" class=\"wp-image-53625\" srcset=\"https:\/\/blogdoedvaldomagalhaes.com.br\/wp-content\/uploads\/2020\/04\/IMG-20200403-WA0178-1024x682.jpg 1024w, https:\/\/blogdoedvaldomagalhaes.com.br\/wp-content\/uploads\/2020\/04\/IMG-20200403-WA0178-300x200.jpg 300w, https:\/\/blogdoedvaldomagalhaes.com.br\/wp-content\/uploads\/2020\/04\/IMG-20200403-WA0178-768x512.jpg 768w, https:\/\/blogdoedvaldomagalhaes.com.br\/wp-content\/uploads\/2020\/04\/IMG-20200403-WA0178.jpg 1280w\" sizes=\"auto, (max-width: 1024px) 100vw, 1024px\" \/><\/figure>\n\n\n\n<figure class=\"wp-block-image size-large\"><img loading=\"lazy\" decoding=\"async\" width=\"1024\" height=\"739\" src=\"http:\/\/blogdoedvaldomagalhaes.com.br\/wp-content\/uploads\/2020\/04\/IMG-20200403-WA0176-1024x739.jpg\" alt=\"\" class=\"wp-image-53626\" srcset=\"https:\/\/blogdoedvaldomagalhaes.com.br\/wp-content\/uploads\/2020\/04\/IMG-20200403-WA0176-1024x739.jpg 1024w, https:\/\/blogdoedvaldomagalhaes.com.br\/wp-content\/uploads\/2020\/04\/IMG-20200403-WA0176-300x217.jpg 300w, https:\/\/blogdoedvaldomagalhaes.com.br\/wp-content\/uploads\/2020\/04\/IMG-20200403-WA0176-768x554.jpg 768w, https:\/\/blogdoedvaldomagalhaes.com.br\/wp-content\/uploads\/2020\/04\/IMG-20200403-WA0176.jpg 1280w\" sizes=\"auto, (max-width: 1024px) 100vw, 1024px\" \/><\/figure>\n\n\n\n<figure class=\"wp-block-image size-large\"><img loading=\"lazy\" decoding=\"async\" width=\"1024\" height=\"805\" src=\"http:\/\/blogdoedvaldomagalhaes.com.br\/wp-content\/uploads\/2020\/04\/IMG-20200403-WA0180-1-1024x805.jpg\" alt=\"\" class=\"wp-image-53628\" srcset=\"https:\/\/blogdoedvaldomagalhaes.com.br\/wp-content\/uploads\/2020\/04\/IMG-20200403-WA0180-1-1024x805.jpg 1024w, https:\/\/blogdoedvaldomagalhaes.com.br\/wp-content\/uploads\/2020\/04\/IMG-20200403-WA0180-1-300x236.jpg 300w, https:\/\/blogdoedvaldomagalhaes.com.br\/wp-content\/uploads\/2020\/04\/IMG-20200403-WA0180-1-768x604.jpg 768w, https:\/\/blogdoedvaldomagalhaes.com.br\/wp-content\/uploads\/2020\/04\/IMG-20200403-WA0180-1.jpg 1140w\" sizes=\"auto, (max-width: 1024px) 100vw, 1024px\" \/><\/figure>\n\n\n\n<figure class=\"wp-block-image size-large\"><img loading=\"lazy\" decoding=\"async\" width=\"1024\" height=\"682\" src=\"http:\/\/blogdoedvaldomagalhaes.com.br\/wp-content\/uploads\/2020\/04\/IMG-20200403-WA0177-1024x682.jpg\" alt=\"\" class=\"wp-image-53630\" srcset=\"https:\/\/blogdoedvaldomagalhaes.com.br\/wp-content\/uploads\/2020\/04\/IMG-20200403-WA0177-1024x682.jpg 1024w, https:\/\/blogdoedvaldomagalhaes.com.br\/wp-content\/uploads\/2020\/04\/IMG-20200403-WA0177-300x200.jpg 300w, https:\/\/blogdoedvaldomagalhaes.com.br\/wp-content\/uploads\/2020\/04\/IMG-20200403-WA0177-768x511.jpg 768w, https:\/\/blogdoedvaldomagalhaes.com.br\/wp-content\/uploads\/2020\/04\/IMG-20200403-WA0177.jpg 1280w\" sizes=\"auto, (max-width: 1024px) 100vw, 1024px\" \/><\/figure>\n","protected":false},"excerpt":{"rendered":"<p>Neste s\u00e1bado (04), seria a estreia de mais uma temporada da Paix\u00e3o de Cristo de Nova Jerusal\u00e9m. Contudo, pela primeira&hellip;<\/p>\n","protected":false},"author":1,"featured_media":53624,"comment_status":"open","ping_status":"open","sticky":false,"template":"","format":"standard","meta":{"footnotes":""},"categories":[14120],"tags":[2,16881,17712],"class_list":["post-53622","post","type-post","status-publish","format-standard","has-post-thumbnail","hentry","category-noticias","tag-blog-do-edvaldo-magalhaes","tag-caruaru-e-regiao","tag-famosos-confirmam-participacao-na-paixao-de-cristo-de-nova-jerusalem-em-setembro"],"_links":{"self":[{"href":"https:\/\/blogdoedvaldomagalhaes.com.br\/index.php\/wp-json\/wp\/v2\/posts\/53622","targetHints":{"allow":["GET"]}}],"collection":[{"href":"https:\/\/blogdoedvaldomagalhaes.com.br\/index.php\/wp-json\/wp\/v2\/posts"}],"about":[{"href":"https:\/\/blogdoedvaldomagalhaes.com.br\/index.php\/wp-json\/wp\/v2\/types\/post"}],"author":[{"embeddable":true,"href":"https:\/\/blogdoedvaldomagalhaes.com.br\/index.php\/wp-json\/wp\/v2\/users\/1"}],"replies":[{"embeddable":true,"href":"https:\/\/blogdoedvaldomagalhaes.com.br\/index.php\/wp-json\/wp\/v2\/comments?post=53622"}],"version-history":[{"count":2,"href":"https:\/\/blogdoedvaldomagalhaes.com.br\/index.php\/wp-json\/wp\/v2\/posts\/53622\/revisions"}],"predecessor-version":[{"id":53631,"href":"https:\/\/blogdoedvaldomagalhaes.com.br\/index.php\/wp-json\/wp\/v2\/posts\/53622\/revisions\/53631"}],"wp:featuredmedia":[{"embeddable":true,"href":"https:\/\/blogdoedvaldomagalhaes.com.br\/index.php\/wp-json\/wp\/v2\/media\/53624"}],"wp:attachment":[{"href":"https:\/\/blogdoedvaldomagalhaes.com.br\/index.php\/wp-json\/wp\/v2\/media?parent=53622"}],"wp:term":[{"taxonomy":"category","embeddable":true,"href":"https:\/\/blogdoedvaldomagalhaes.com.br\/index.php\/wp-json\/wp\/v2\/categories?post=53622"},{"taxonomy":"post_tag","embeddable":true,"href":"https:\/\/blogdoedvaldomagalhaes.com.br\/index.php\/wp-json\/wp\/v2\/tags?post=53622"}],"curies":[{"name":"wp","href":"https:\/\/api.w.org\/{rel}","templated":true}]}}