{"id":5362,"date":"2017-07-14T19:42:00","date_gmt":"2017-07-14T22:42:00","guid":{"rendered":"http:\/\/blogdoedvaldomagalhaes.com.br\/index.php\/2017\/07\/14\/prefeitura-de-caruaru-emite-nota-de-2\/"},"modified":"2019-02-09T01:35:32","modified_gmt":"2019-02-09T03:35:32","slug":"prefeitura-de-caruaru-emite-nota-de-2","status":"publish","type":"post","link":"https:\/\/blogdoedvaldomagalhaes.com.br\/index.php\/2017\/07\/14\/prefeitura-de-caruaru-emite-nota-de-2\/","title":{"rendered":"Prefeitura de Caruaru emite nota de esclarecimento sobre cach\u00eas dos artistas do S\u00e3o Jo\u00e3o 2017"},"content":{"rendered":"<div class=\"separator\" style=\"clear: both; text-align: center;\">\n<a href=\"https:\/\/2.bp.blogspot.com\/-q4ji12VVrJk\/WWkencFP46I\/AAAAAAAAZdw\/9oIRfmoIl0gg4XLpwp_-d-KAf9Fu92IvgCLcBGAs\/s1600\/nota.jpg\" imageanchor=\"1\" style=\"margin-left: 1em; margin-right: 1em;\"><img loading=\"lazy\" decoding=\"async\" border=\"0\" data-original-height=\"300\" data-original-width=\"574\" height=\"206\" src=\"http:\/\/blogdoedvaldomagalhaes.com.br\/wp-content\/uploads\/2017\/07\/nota.jpg\" width=\"400\" \/><\/a><\/div>\n<div class=\"MsoNormal\" style=\"text-align: justify;\">\n<\/div>\n<div class=\"MsoNormal\" style=\"text-align: justify;\">\nSobre os pagamentos dos<br \/>\nartistas do S\u00e3o Jo\u00e3o, vale lembrar que muitos desses valores est\u00e3o bem abaixo<br \/>\ndo mercado, ao contr\u00e1rio de anos anteriores. A pr\u00f3pria imprensa j\u00e1 destacou que<br \/>\nbandas nacionais receberam cach\u00eas bem menores este ano em Caruaru. A prefeita<br \/>\nRaquel Lyra chegou a negociar os cach\u00eas com muitos dos artistas nacionais,<br \/>\npessoalmente. Sem falar que pela primeira fez tivemos um teto m\u00e1ximo de valor<br \/>\npara a apresenta\u00e7\u00e3o.<\/div>\n<div class=\"MsoNormal\" style=\"text-align: justify;\">\n<\/div>\n<p><\/p>\n<div class=\"MsoNormal\" style=\"text-align: justify;\">\nRessalto ainda que pesquisa<br \/>\ndo Instituto 6Sigma, que tamb\u00e9m realizou levantamento em anos anteriores,<br \/>\nmostrou 90% de aprova\u00e7\u00e3o do S\u00e3o Jo\u00e3o pelos caruaruenses. O S\u00e3o Jo\u00e3o nas Ruas e<br \/>\no S\u00e3o Jo\u00e3o na Ro\u00e7a teve aprova\u00e7\u00e3o de 95%. O quesito seguran\u00e7a, t\u00e3o importante<br \/>\ndiante do momento que vivemos, teve 82% de aprova\u00e7\u00e3o, 25% a mais do que em<br \/>\n2015, por exemplo.<\/p>\n<p>H\u00e9lio J\u00fanior &#8211; Secret\u00e1rio de Comunica\u00e7\u00e3o de Caruaru.<\/p>\n<p><\/p>\n<div class=\"separator\" style=\"clear: both; text-align: center;\">\n<a href=\"http:\/\/blogdoedvaldomagalhaes.com.br\/wp-content\/uploads\/2017\/07\/9-Etical-12.jpg\" imageanchor=\"1\" style=\"clear: left; float: left; margin-bottom: 1em; margin-right: 1em;\"><img decoding=\"async\" border=\"0\" data-original-height=\"100\" data-original-width=\"570\" src=\"http:\/\/blogdoedvaldomagalhaes.com.br\/wp-content\/uploads\/2017\/07\/9-Etical-12.jpg\" \/><\/a><\/div>\n<p><\/div>\n","protected":false},"excerpt":{"rendered":"<p>Sobre os pagamentos dos artistas do S\u00e3o Jo\u00e3o, vale lembrar que muitos desses valores est\u00e3o bem abaixo do mercado, ao&hellip;<\/p>\n","protected":false},"author":1,"featured_media":0,"comment_status":"open","ping_status":"open","sticky":false,"template":"","format":"standard","meta":{"footnotes":""},"categories":[1],"tags":[2,20,7115],"class_list":["post-5362","post","type-post","status-publish","format-standard","hentry","category-sem-categoria","tag-blog-do-edvaldo-magalhaes","tag-politica","tag-prefeitura-de-caruaru-emite-nota-de-esclarecimento-sobre-caches-dos-artistas-do-sao-joao-2017"],"_links":{"self":[{"href":"https:\/\/blogdoedvaldomagalhaes.com.br\/index.php\/wp-json\/wp\/v2\/posts\/5362","targetHints":{"allow":["GET"]}}],"collection":[{"href":"https:\/\/blogdoedvaldomagalhaes.com.br\/index.php\/wp-json\/wp\/v2\/posts"}],"about":[{"href":"https:\/\/blogdoedvaldomagalhaes.com.br\/index.php\/wp-json\/wp\/v2\/types\/post"}],"author":[{"embeddable":true,"href":"https:\/\/blogdoedvaldomagalhaes.com.br\/index.php\/wp-json\/wp\/v2\/users\/1"}],"replies":[{"embeddable":true,"href":"https:\/\/blogdoedvaldomagalhaes.com.br\/index.php\/wp-json\/wp\/v2\/comments?post=5362"}],"version-history":[{"count":1,"href":"https:\/\/blogdoedvaldomagalhaes.com.br\/index.php\/wp-json\/wp\/v2\/posts\/5362\/revisions"}],"predecessor-version":[{"id":22090,"href":"https:\/\/blogdoedvaldomagalhaes.com.br\/index.php\/wp-json\/wp\/v2\/posts\/5362\/revisions\/22090"}],"wp:attachment":[{"href":"https:\/\/blogdoedvaldomagalhaes.com.br\/index.php\/wp-json\/wp\/v2\/media?parent=5362"}],"wp:term":[{"taxonomy":"category","embeddable":true,"href":"https:\/\/blogdoedvaldomagalhaes.com.br\/index.php\/wp-json\/wp\/v2\/categories?post=5362"},{"taxonomy":"post_tag","embeddable":true,"href":"https:\/\/blogdoedvaldomagalhaes.com.br\/index.php\/wp-json\/wp\/v2\/tags?post=5362"}],"curies":[{"name":"wp","href":"https:\/\/api.w.org\/{rel}","templated":true}]}}