{"id":53618,"date":"2020-04-03T13:37:32","date_gmt":"2020-04-03T16:37:32","guid":{"rendered":"http:\/\/blogdoedvaldomagalhaes.com.br\/?p=53618"},"modified":"2020-04-03T13:37:38","modified_gmt":"2020-04-03T16:37:38","slug":"poetas-de-caruaru-lancam-campanha-cordel-em-casa","status":"publish","type":"post","link":"https:\/\/blogdoedvaldomagalhaes.com.br\/index.php\/2020\/04\/03\/poetas-de-caruaru-lancam-campanha-cordel-em-casa\/","title":{"rendered":"Poetas de Caruaru lan\u00e7am campanha \u2018Cordel em Casa\u2019"},"content":{"rendered":"<p style=\"text-align: justify;\">Em meio \u00e0 pandemia do novo coronav\u00edrus, membros da Academia Caruaruense de Literatura de Cordel (ACLC) v\u00e3o disponibilizar obras de cordel em formato digital gratuitamente. A iniciativa tem o objetivo de difundir a literatura popular e oferecer \u00e0s pessoas uma alternativa cultural neste per\u00edodo de isolamento social.<\/p>\n<p style=\"text-align: justify;\">O cordelista Davi Geffson est\u00e1 coordenando a campanha. \u201cDiariamente, vamos enviar o arquivo de um folheto de cordel. Por ser uma leitura r\u00e1pida, nossa expectativa \u00e9 que cada vez mais pessoas tenham acesso e apreciem esta arte\u201d, observa.<\/p>\n<p style=\"text-align: justify;\">Ser\u00e3o disponibilizados mais de 40 livretos, com tem\u00e1ticas diversas. Integram o projeto autores como Nelson Lima, Gildo Siqueira, Oleg\u00e1rio Filho, Roberto Celestino, Carlos Soares, Neide Torres, Karla Maria, Cilene Santos, Esperantivo, Pedro Poeta, Jefferson Mois\u00e9s e J\u00e9nerson Alves.<\/p>\n<p style=\"text-align: justify;\">Quem tiver interesse em receber os arquivos, basta mandar a mensagem \u2018Cordel em Casa\u2019 para o WhatsApp (81) 9.9439-2576.<\/p>\n","protected":false},"excerpt":{"rendered":"<p>Em meio \u00e0 pandemia do novo coronav\u00edrus, membros da Academia Caruaruense de Literatura de Cordel (ACLC) v\u00e3o disponibilizar obras de&hellip;<\/p>\n","protected":false},"author":1,"featured_media":53619,"comment_status":"open","ping_status":"open","sticky":false,"template":"","format":"standard","meta":{"footnotes":""},"categories":[14120],"tags":[2,16881],"class_list":["post-53618","post","type-post","status-publish","format-standard","has-post-thumbnail","hentry","category-noticias","tag-blog-do-edvaldo-magalhaes","tag-caruaru-e-regiao"],"_links":{"self":[{"href":"https:\/\/blogdoedvaldomagalhaes.com.br\/index.php\/wp-json\/wp\/v2\/posts\/53618","targetHints":{"allow":["GET"]}}],"collection":[{"href":"https:\/\/blogdoedvaldomagalhaes.com.br\/index.php\/wp-json\/wp\/v2\/posts"}],"about":[{"href":"https:\/\/blogdoedvaldomagalhaes.com.br\/index.php\/wp-json\/wp\/v2\/types\/post"}],"author":[{"embeddable":true,"href":"https:\/\/blogdoedvaldomagalhaes.com.br\/index.php\/wp-json\/wp\/v2\/users\/1"}],"replies":[{"embeddable":true,"href":"https:\/\/blogdoedvaldomagalhaes.com.br\/index.php\/wp-json\/wp\/v2\/comments?post=53618"}],"version-history":[{"count":1,"href":"https:\/\/blogdoedvaldomagalhaes.com.br\/index.php\/wp-json\/wp\/v2\/posts\/53618\/revisions"}],"predecessor-version":[{"id":53620,"href":"https:\/\/blogdoedvaldomagalhaes.com.br\/index.php\/wp-json\/wp\/v2\/posts\/53618\/revisions\/53620"}],"wp:featuredmedia":[{"embeddable":true,"href":"https:\/\/blogdoedvaldomagalhaes.com.br\/index.php\/wp-json\/wp\/v2\/media\/53619"}],"wp:attachment":[{"href":"https:\/\/blogdoedvaldomagalhaes.com.br\/index.php\/wp-json\/wp\/v2\/media?parent=53618"}],"wp:term":[{"taxonomy":"category","embeddable":true,"href":"https:\/\/blogdoedvaldomagalhaes.com.br\/index.php\/wp-json\/wp\/v2\/categories?post=53618"},{"taxonomy":"post_tag","embeddable":true,"href":"https:\/\/blogdoedvaldomagalhaes.com.br\/index.php\/wp-json\/wp\/v2\/tags?post=53618"}],"curies":[{"name":"wp","href":"https:\/\/api.w.org\/{rel}","templated":true}]}}