{"id":53615,"date":"2020-04-03T12:01:36","date_gmt":"2020-04-03T15:01:36","guid":{"rendered":"http:\/\/blogdoedvaldomagalhaes.com.br\/?p=53615"},"modified":"2020-04-03T12:01:43","modified_gmt":"2020-04-03T15:01:43","slug":"detentas-da-colonia-de-buique-vencem-concurso-de-redacao","status":"publish","type":"post","link":"https:\/\/blogdoedvaldomagalhaes.com.br\/index.php\/2020\/04\/03\/detentas-da-colonia-de-buique-vencem-concurso-de-redacao\/","title":{"rendered":"Detentas da Col\u00f4nia de Bu\u00edque vencem concurso de reda\u00e7\u00e3o"},"content":{"rendered":"<p style=\"text-align: justify;\"><span style=\"font-size: inherit;\">Tr\u00eas reeducandas da Col\u00f4nia Penal Feminina de Bu\u00edque (CPFB), localizada no Agreste de Pernambuco, venceram o V Concurso de Reda\u00e7\u00e3o da Defensoria P\u00fablica da Uni\u00e3o (DPU). Com o tema &#8220;Defender Direitos, Evitar Desastres: Como o Acesso \u00e0 Justi\u00e7a Contribui para o Desenvolvimento Sustent\u00e1vel&#8221;, elas concorreram na categoria de mulheres em priva\u00e7\u00e3o de liberdade do sistema prisional, nas escolaridades de ensino fundamental e m\u00e9dio.\u00a0<\/span><\/p>\n<p style=\"text-align: justify;\">Na escola Vig\u00e1rio Jo\u00e3o In\u00e1cio, localizada na CPFB, as tr\u00eas vencedoras, C.M (1\u00ba lugar), que j\u00e1 est\u00e1 em liberdade; Jaciv\u00e2na Vera de Oliveira (2\u00ba); e Maria Aparecida dos Santos (3\u00ba), realizaram pesquisas em revistas e livros e se prepararam sobre o tema. As professoras envolvidas no projeto foram: Vanda Cavalcante e Paula Arcoverde. Como pr\u00eamio as vencedoras receberam um r\u00e1dio port\u00e1til.<\/p>\n<p style=\"text-align: justify;\">O policial penal Jos\u00e9 Leonardo de Oliveira Rodrigues ficou em primeiro lugar no mesmo concurso, por\u00e9m na categoria que inclui os servidores do sistema penitenci\u00e1rio. Ele est\u00e1 lotado na Penitenci\u00e1ria Doutor Edvaldo Gomes, em Petrolina, Sert\u00e3o do Estado.<\/p>\n<p>Foto: Seres\/Divulga\u00e7\u00e3o.<\/p>\n","protected":false},"excerpt":{"rendered":"<p>Tr\u00eas reeducandas da Col\u00f4nia Penal Feminina de Bu\u00edque (CPFB), localizada no Agreste de Pernambuco, venceram o V Concurso de Reda\u00e7\u00e3o&hellip;<\/p>\n","protected":false},"author":1,"featured_media":53616,"comment_status":"open","ping_status":"open","sticky":false,"template":"","format":"standard","meta":{"footnotes":""},"categories":[14120],"tags":[2,16881,17710],"class_list":["post-53615","post","type-post","status-publish","format-standard","has-post-thumbnail","hentry","category-noticias","tag-blog-do-edvaldo-magalhaes","tag-caruaru-e-regiao","tag-detentas-da-colonia-de-buique-vencem-concurso-de-redacao"],"_links":{"self":[{"href":"https:\/\/blogdoedvaldomagalhaes.com.br\/index.php\/wp-json\/wp\/v2\/posts\/53615","targetHints":{"allow":["GET"]}}],"collection":[{"href":"https:\/\/blogdoedvaldomagalhaes.com.br\/index.php\/wp-json\/wp\/v2\/posts"}],"about":[{"href":"https:\/\/blogdoedvaldomagalhaes.com.br\/index.php\/wp-json\/wp\/v2\/types\/post"}],"author":[{"embeddable":true,"href":"https:\/\/blogdoedvaldomagalhaes.com.br\/index.php\/wp-json\/wp\/v2\/users\/1"}],"replies":[{"embeddable":true,"href":"https:\/\/blogdoedvaldomagalhaes.com.br\/index.php\/wp-json\/wp\/v2\/comments?post=53615"}],"version-history":[{"count":1,"href":"https:\/\/blogdoedvaldomagalhaes.com.br\/index.php\/wp-json\/wp\/v2\/posts\/53615\/revisions"}],"predecessor-version":[{"id":53617,"href":"https:\/\/blogdoedvaldomagalhaes.com.br\/index.php\/wp-json\/wp\/v2\/posts\/53615\/revisions\/53617"}],"wp:featuredmedia":[{"embeddable":true,"href":"https:\/\/blogdoedvaldomagalhaes.com.br\/index.php\/wp-json\/wp\/v2\/media\/53616"}],"wp:attachment":[{"href":"https:\/\/blogdoedvaldomagalhaes.com.br\/index.php\/wp-json\/wp\/v2\/media?parent=53615"}],"wp:term":[{"taxonomy":"category","embeddable":true,"href":"https:\/\/blogdoedvaldomagalhaes.com.br\/index.php\/wp-json\/wp\/v2\/categories?post=53615"},{"taxonomy":"post_tag","embeddable":true,"href":"https:\/\/blogdoedvaldomagalhaes.com.br\/index.php\/wp-json\/wp\/v2\/tags?post=53615"}],"curies":[{"name":"wp","href":"https:\/\/api.w.org\/{rel}","templated":true}]}}