{"id":53607,"date":"2020-04-03T11:16:02","date_gmt":"2020-04-03T14:16:02","guid":{"rendered":"http:\/\/blogdoedvaldomagalhaes.com.br\/?p=53607"},"modified":"2020-04-03T11:57:13","modified_gmt":"2020-04-03T14:57:13","slug":"confirmado-primeiro-caso-de-covid-19-no-hospital-mestre-vitalino-em-caruaru","status":"publish","type":"post","link":"https:\/\/blogdoedvaldomagalhaes.com.br\/index.php\/2020\/04\/03\/confirmado-primeiro-caso-de-covid-19-no-hospital-mestre-vitalino-em-caruaru\/","title":{"rendered":"Confirmado primeiro caso de Covid-19 no Hospital Mestre Vitalino em Caruaru"},"content":{"rendered":"<p style=\"text-align: justify;\">BOLETIM \u2013 03 DE ABRIL DE 2020 | HOSPITAL MESTRE VITALINO<\/p>\n<p style=\"text-align: justify;\">O Hospital Mestre Vitalino recebeu ontem a confirma\u00e7\u00e3o do primeiro caso de paciente com Covid \u2013 19 na unidade. O paciente \u00e9 de Recife e chegou ao HMV no \u00faltimo dia 28 com sintomas semelhantes aos da doen\u00e7a, realizou o teste e foi encaminhado para a UTI.<span style=\"font-size: inherit;\"> O paciente tem 61 anos, est\u00e1 intubado, est\u00e1vel e com sinais vitais preservados. O<\/span><span style=\"font-size: inherit;\">\u00a0Hospital informa que at\u00e9 o momento este \u00e9 o \u00fanico paciente da unidade que testou positivo para a doen\u00e7a. <\/span><\/p>\n<p style=\"text-align: justify;\"><span style=\"font-size: inherit;\">O HMV faz parte da rede estadual de sa\u00fade e atualmente disp\u00f5e de 20 leitos de UTI e 25 de enfermaria.<\/span><\/p>\n<p style=\"text-align: justify;\">Este paciente entra nas estat\u00edsticas de Recife. Apenas o atendimento dele que est\u00e1 sendo feito no HMV, por ser uma unidade que comp\u00f5e a rede estadual de sa\u00fade.<\/p>\n","protected":false},"excerpt":{"rendered":"<p>BOLETIM \u2013 03 DE ABRIL DE 2020 | HOSPITAL MESTRE VITALINO O Hospital Mestre Vitalino recebeu ontem a confirma\u00e7\u00e3o do&hellip;<\/p>\n","protected":false},"author":1,"featured_media":53608,"comment_status":"open","ping_status":"open","sticky":false,"template":"","format":"standard","meta":{"footnotes":""},"categories":[14120],"tags":[2,16881,17707],"class_list":["post-53607","post","type-post","status-publish","format-standard","has-post-thumbnail","hentry","category-noticias","tag-blog-do-edvaldo-magalhaes","tag-caruaru-e-regiao","tag-confirmado-primeiro-caso-de-covid-19-no-hospital-mestre-vitalino-em-caruaru"],"_links":{"self":[{"href":"https:\/\/blogdoedvaldomagalhaes.com.br\/index.php\/wp-json\/wp\/v2\/posts\/53607","targetHints":{"allow":["GET"]}}],"collection":[{"href":"https:\/\/blogdoedvaldomagalhaes.com.br\/index.php\/wp-json\/wp\/v2\/posts"}],"about":[{"href":"https:\/\/blogdoedvaldomagalhaes.com.br\/index.php\/wp-json\/wp\/v2\/types\/post"}],"author":[{"embeddable":true,"href":"https:\/\/blogdoedvaldomagalhaes.com.br\/index.php\/wp-json\/wp\/v2\/users\/1"}],"replies":[{"embeddable":true,"href":"https:\/\/blogdoedvaldomagalhaes.com.br\/index.php\/wp-json\/wp\/v2\/comments?post=53607"}],"version-history":[{"count":3,"href":"https:\/\/blogdoedvaldomagalhaes.com.br\/index.php\/wp-json\/wp\/v2\/posts\/53607\/revisions"}],"predecessor-version":[{"id":53614,"href":"https:\/\/blogdoedvaldomagalhaes.com.br\/index.php\/wp-json\/wp\/v2\/posts\/53607\/revisions\/53614"}],"wp:featuredmedia":[{"embeddable":true,"href":"https:\/\/blogdoedvaldomagalhaes.com.br\/index.php\/wp-json\/wp\/v2\/media\/53608"}],"wp:attachment":[{"href":"https:\/\/blogdoedvaldomagalhaes.com.br\/index.php\/wp-json\/wp\/v2\/media?parent=53607"}],"wp:term":[{"taxonomy":"category","embeddable":true,"href":"https:\/\/blogdoedvaldomagalhaes.com.br\/index.php\/wp-json\/wp\/v2\/categories?post=53607"},{"taxonomy":"post_tag","embeddable":true,"href":"https:\/\/blogdoedvaldomagalhaes.com.br\/index.php\/wp-json\/wp\/v2\/tags?post=53607"}],"curies":[{"name":"wp","href":"https:\/\/api.w.org\/{rel}","templated":true}]}}