{"id":53604,"date":"2020-04-03T11:07:21","date_gmt":"2020-04-03T14:07:21","guid":{"rendered":"http:\/\/blogdoedvaldomagalhaes.com.br\/?p=53604"},"modified":"2020-04-03T11:07:26","modified_gmt":"2020-04-03T14:07:26","slug":"abril-laranja-gaeda-conscientiza-sobre-crueldade-animal","status":"publish","type":"post","link":"https:\/\/blogdoedvaldomagalhaes.com.br\/index.php\/2020\/04\/03\/abril-laranja-gaeda-conscientiza-sobre-crueldade-animal\/","title":{"rendered":"Abril Laranja: Gaeda conscientiza sobre crueldade animal"},"content":{"rendered":"<p style=\"text-align: justify;\"><span style=\"font-size: inherit;\">Conscientiza\u00e7\u00e3o \u00e9 o foco principal de a\u00e7\u00f5es do Grupo de Apoio Especial e Defesa Animal (Gaeda). Neste m\u00eas, \u00e9 comemorado o Abril Laranja, voltado para a preven\u00e7\u00e3o contra a crueldade animal. Cumprindo as exig\u00eancias das medidas preventivas de sa\u00fade p\u00fablica por causa do novo coronav\u00edrus, as atividades ser\u00e3o desenvolvidas prioritariamente pela internet.<\/span><\/p>\n<p style=\"text-align: justify;\">O advogado animalista Anderson Correia, criador do Gaeda, adianta que existe uma programa\u00e7\u00e3o do Grupo com o intuito de trazer esclarecimentos \u00e0 popula\u00e7\u00e3o, conscientizando sobre a rela\u00e7\u00e3o entre ser humano e animal. \u201cA conscientiza\u00e7\u00e3o \u00e9 o primeiro passo no combate aos maus tratos contra animais. Em caso de reincid\u00eancia, \u00e9 necess\u00e1rio que as leis sejam aplicadas\u201d, declara Correia, que tem sido denominado pela popula\u00e7\u00e3o de \u2018Advogado dos Animais\u2019.<\/p>\n<p style=\"text-align: justify;\">Dando in\u00edcio a esta programa\u00e7\u00e3o, nesta quinta-feira, 02, o advogado far\u00e1 uma live no Instagram, a partir das 20h. \u201cNosso objetivo \u00e9 conversar com as pessoas, de maneira leve e esclarecedora. Tenho certeza de que viveremos dias em que os animais n\u00e3o-humanos ser\u00e3o tratados com mais dignidade\u201d, comenta.<\/p>\n<p style=\"text-align: justify;\">Quem quiser acompanhar a live e as demais postagens acerca da tem\u00e1tica, basta seguir no Instagram o perfil @gaedacaruaru.<\/p>\n","protected":false},"excerpt":{"rendered":"<p>Conscientiza\u00e7\u00e3o \u00e9 o foco principal de a\u00e7\u00f5es do Grupo de Apoio Especial e Defesa Animal (Gaeda). Neste m\u00eas, \u00e9 comemorado&hellip;<\/p>\n","protected":false},"author":1,"featured_media":53605,"comment_status":"open","ping_status":"open","sticky":false,"template":"","format":"standard","meta":{"footnotes":""},"categories":[14120],"tags":[17706,2,16881],"class_list":["post-53604","post","type-post","status-publish","format-standard","has-post-thumbnail","hentry","category-noticias","tag-abril-laranja-gaeda-conscientiza-sobre-crueldade-animal","tag-blog-do-edvaldo-magalhaes","tag-caruaru-e-regiao"],"_links":{"self":[{"href":"https:\/\/blogdoedvaldomagalhaes.com.br\/index.php\/wp-json\/wp\/v2\/posts\/53604","targetHints":{"allow":["GET"]}}],"collection":[{"href":"https:\/\/blogdoedvaldomagalhaes.com.br\/index.php\/wp-json\/wp\/v2\/posts"}],"about":[{"href":"https:\/\/blogdoedvaldomagalhaes.com.br\/index.php\/wp-json\/wp\/v2\/types\/post"}],"author":[{"embeddable":true,"href":"https:\/\/blogdoedvaldomagalhaes.com.br\/index.php\/wp-json\/wp\/v2\/users\/1"}],"replies":[{"embeddable":true,"href":"https:\/\/blogdoedvaldomagalhaes.com.br\/index.php\/wp-json\/wp\/v2\/comments?post=53604"}],"version-history":[{"count":1,"href":"https:\/\/blogdoedvaldomagalhaes.com.br\/index.php\/wp-json\/wp\/v2\/posts\/53604\/revisions"}],"predecessor-version":[{"id":53606,"href":"https:\/\/blogdoedvaldomagalhaes.com.br\/index.php\/wp-json\/wp\/v2\/posts\/53604\/revisions\/53606"}],"wp:featuredmedia":[{"embeddable":true,"href":"https:\/\/blogdoedvaldomagalhaes.com.br\/index.php\/wp-json\/wp\/v2\/media\/53605"}],"wp:attachment":[{"href":"https:\/\/blogdoedvaldomagalhaes.com.br\/index.php\/wp-json\/wp\/v2\/media?parent=53604"}],"wp:term":[{"taxonomy":"category","embeddable":true,"href":"https:\/\/blogdoedvaldomagalhaes.com.br\/index.php\/wp-json\/wp\/v2\/categories?post=53604"},{"taxonomy":"post_tag","embeddable":true,"href":"https:\/\/blogdoedvaldomagalhaes.com.br\/index.php\/wp-json\/wp\/v2\/tags?post=53604"}],"curies":[{"name":"wp","href":"https:\/\/api.w.org\/{rel}","templated":true}]}}