{"id":53598,"date":"2020-04-02T22:50:07","date_gmt":"2020-04-03T01:50:07","guid":{"rendered":"http:\/\/blogdoedvaldomagalhaes.com.br\/?p=53598"},"modified":"2020-04-02T22:55:09","modified_gmt":"2020-04-03T01:55:09","slug":"apac-alerta-para-chuvas-fortes-no-grande-recife-zona-da-mata-e-agreste","status":"publish","type":"post","link":"https:\/\/blogdoedvaldomagalhaes.com.br\/index.php\/2020\/04\/02\/apac-alerta-para-chuvas-fortes-no-grande-recife-zona-da-mata-e-agreste\/","title":{"rendered":"Apac alerta para chuvas fortes no Grande Recife, Zona da Mata e Agreste"},"content":{"rendered":"<p style=\"text-align: justify;\">A Ag\u00eancia Pernambucana de \u00c1guas e Clima (Apac) alertou, no final da tarde desta quinta-feira (02), para chuvas fortes na Regi\u00e3o Metropolitana do Recife, Zona da Mata e Agreste. O alerta \u00e9 para as pr\u00f3ximas 24 horas. J\u00e1 para o Sert\u00e3o, a previs\u00e3o da Apac \u00e9 de pancadas de chuva de intensidade fraca a moderada.<\/p>\n<p style=\"text-align: justify; padding-left: 40px;\">Em caso de situa\u00e7\u00f5es de emerg\u00eancia, os moradores devem entrar em contato com a Defesa Civil e o Corpo de Bombeiros de seus munic\u00edpios.<\/p>\n","protected":false},"excerpt":{"rendered":"<p>A Ag\u00eancia Pernambucana de \u00c1guas e Clima (Apac) alertou, no final da tarde desta quinta-feira (02), para chuvas fortes na&hellip;<\/p>\n","protected":false},"author":1,"featured_media":53602,"comment_status":"open","ping_status":"open","sticky":false,"template":"","format":"standard","meta":{"footnotes":""},"categories":[14120],"tags":[2,16881,17705],"class_list":["post-53598","post","type-post","status-publish","format-standard","has-post-thumbnail","hentry","category-noticias","tag-blog-do-edvaldo-magalhaes","tag-caruaru-e-regiao","tag-zona-da-mata-e-agreste"],"_links":{"self":[{"href":"https:\/\/blogdoedvaldomagalhaes.com.br\/index.php\/wp-json\/wp\/v2\/posts\/53598","targetHints":{"allow":["GET"]}}],"collection":[{"href":"https:\/\/blogdoedvaldomagalhaes.com.br\/index.php\/wp-json\/wp\/v2\/posts"}],"about":[{"href":"https:\/\/blogdoedvaldomagalhaes.com.br\/index.php\/wp-json\/wp\/v2\/types\/post"}],"author":[{"embeddable":true,"href":"https:\/\/blogdoedvaldomagalhaes.com.br\/index.php\/wp-json\/wp\/v2\/users\/1"}],"replies":[{"embeddable":true,"href":"https:\/\/blogdoedvaldomagalhaes.com.br\/index.php\/wp-json\/wp\/v2\/comments?post=53598"}],"version-history":[{"count":4,"href":"https:\/\/blogdoedvaldomagalhaes.com.br\/index.php\/wp-json\/wp\/v2\/posts\/53598\/revisions"}],"predecessor-version":[{"id":53603,"href":"https:\/\/blogdoedvaldomagalhaes.com.br\/index.php\/wp-json\/wp\/v2\/posts\/53598\/revisions\/53603"}],"wp:featuredmedia":[{"embeddable":true,"href":"https:\/\/blogdoedvaldomagalhaes.com.br\/index.php\/wp-json\/wp\/v2\/media\/53602"}],"wp:attachment":[{"href":"https:\/\/blogdoedvaldomagalhaes.com.br\/index.php\/wp-json\/wp\/v2\/media?parent=53598"}],"wp:term":[{"taxonomy":"category","embeddable":true,"href":"https:\/\/blogdoedvaldomagalhaes.com.br\/index.php\/wp-json\/wp\/v2\/categories?post=53598"},{"taxonomy":"post_tag","embeddable":true,"href":"https:\/\/blogdoedvaldomagalhaes.com.br\/index.php\/wp-json\/wp\/v2\/tags?post=53598"}],"curies":[{"name":"wp","href":"https:\/\/api.w.org\/{rel}","templated":true}]}}