{"id":53589,"date":"2020-04-02T22:02:07","date_gmt":"2020-04-03T01:02:07","guid":{"rendered":"http:\/\/blogdoedvaldomagalhaes.com.br\/?p=53589"},"modified":"2020-04-02T22:32:08","modified_gmt":"2020-04-03T01:32:08","slug":"tony-gel-apresenta-voto-de-aplauso-ao-prefeito-de-toritama-por-implantar-hospital-municipal-de-campanha-para-combate-ao-coronavirus","status":"publish","type":"post","link":"https:\/\/blogdoedvaldomagalhaes.com.br\/index.php\/2020\/04\/02\/tony-gel-apresenta-voto-de-aplauso-ao-prefeito-de-toritama-por-implantar-hospital-municipal-de-campanha-para-combate-ao-coronavirus\/","title":{"rendered":"Tony Gel apresenta Voto de Aplauso ao prefeito de Toritama por implantar Hospital Municipal de Campanha para Combate ao Coronav\u00edrus"},"content":{"rendered":"<p style=\"text-align: justify;\">O Deputado Estadual Tony Gel (MDB), apresentou um Voto de Aplauso \u00e0 Prefeitura de Toritama, na pessoa do prefeito Edilson Tavares, extensivo \u00e0 Secret\u00e1ria de Sa\u00fade de Toritama, Andrea Melo e toda sua equipe de trabalho, pelas urgentes a\u00e7\u00f5es no combate aos efeitos do Coronavirus (COVID 19), instalando o 1\u00ba Hospital Municipal de Campanha do interior do Estado, naquele munic\u00edpio.<\/p>\n<p style=\"text-align: justify;\">O parlamentar destacou que \u00e0 iniciativa do prefeito Edilson Tavares, vem seguindo as orienta\u00e7\u00f5es do Minist\u00e9rio da Sa\u00fade e do pr\u00f3prio Governo do Estado no sentido de fortalecer a sa\u00fade p\u00fablica municipal para o atendimento aos pacientes de baixa e m\u00e9dia complexidade que v\u00eam sendo acometidos da COVID 19, pandemia\u00a0que chegou a todo territ\u00f3rio brasileiro.<\/p>\n<p style=\"text-align: justify;\">Tony Gel ressaltou que \u00e0 Prefeitura de Toritama vem tratando o problema com a seriedade e urg\u00eancia necess\u00e1rias ao abrir um Hospital de Campanha e entregar 05 novas ambul\u00e2ncias para acolher\u00a0e dar suporte, exclusivo, aos pacientes suspeitos ou acometidos pelo novo Coronav\u00edrus.<\/p>\n<p style=\"text-align: justify;\">Tony informou tamb\u00e9m que o referido Hospital Municipal de Campanha foi instalado no pr\u00e9dio da Escola Jos\u00e9 Jota de Ara\u00fajo, ao lado do Hospital Municipal N. Sr\u00aa de F\u00e1tima, e possui capacidade para internar at\u00e9 40 pacientes de baixa e m\u00e9dia complexidade, e disp\u00f5e, ainda, de farm\u00e1cia com disponibilidade de medicamentos e itens de seguran\u00e7a para o pessoal envolvido nos atendimentos\u00a0aos pacientes. E que as salas s\u00e3o climatizadas e com novos leitos e poltronas. Possui sistema de gasometria, ox\u00edmetros, monitores multipar\u00e2metros, al\u00e9m de uma equipe de m\u00e9dicos e enfermeiros para vencer este grande desafio.<\/p>\n","protected":false},"excerpt":{"rendered":"<p>O Deputado Estadual Tony Gel (MDB), apresentou um Voto de Aplauso \u00e0 Prefeitura de Toritama, na pessoa do prefeito Edilson&hellip;<\/p>\n","protected":false},"author":1,"featured_media":53590,"comment_status":"open","ping_status":"open","sticky":false,"template":"","format":"standard","meta":{"footnotes":""},"categories":[14122],"tags":[2,17702,16881,17701],"class_list":["post-53589","post","type-post","status-publish","format-standard","has-post-thumbnail","hentry","category-politica","tag-blog-do-edvaldo-magalhaes","tag-blog-do-edvaldo-magalhaes-no-f","tag-caruaru-e-regiao","tag-tony-gel-apresenta-voto-de-aplauso-ao-prefeito-de-toritama-por-implantar-hospital-municipal-de-campanha-para-combate-ao-coronavirus"],"_links":{"self":[{"href":"https:\/\/blogdoedvaldomagalhaes.com.br\/index.php\/wp-json\/wp\/v2\/posts\/53589","targetHints":{"allow":["GET"]}}],"collection":[{"href":"https:\/\/blogdoedvaldomagalhaes.com.br\/index.php\/wp-json\/wp\/v2\/posts"}],"about":[{"href":"https:\/\/blogdoedvaldomagalhaes.com.br\/index.php\/wp-json\/wp\/v2\/types\/post"}],"author":[{"embeddable":true,"href":"https:\/\/blogdoedvaldomagalhaes.com.br\/index.php\/wp-json\/wp\/v2\/users\/1"}],"replies":[{"embeddable":true,"href":"https:\/\/blogdoedvaldomagalhaes.com.br\/index.php\/wp-json\/wp\/v2\/comments?post=53589"}],"version-history":[{"count":3,"href":"https:\/\/blogdoedvaldomagalhaes.com.br\/index.php\/wp-json\/wp\/v2\/posts\/53589\/revisions"}],"predecessor-version":[{"id":53597,"href":"https:\/\/blogdoedvaldomagalhaes.com.br\/index.php\/wp-json\/wp\/v2\/posts\/53589\/revisions\/53597"}],"wp:featuredmedia":[{"embeddable":true,"href":"https:\/\/blogdoedvaldomagalhaes.com.br\/index.php\/wp-json\/wp\/v2\/media\/53590"}],"wp:attachment":[{"href":"https:\/\/blogdoedvaldomagalhaes.com.br\/index.php\/wp-json\/wp\/v2\/media?parent=53589"}],"wp:term":[{"taxonomy":"category","embeddable":true,"href":"https:\/\/blogdoedvaldomagalhaes.com.br\/index.php\/wp-json\/wp\/v2\/categories?post=53589"},{"taxonomy":"post_tag","embeddable":true,"href":"https:\/\/blogdoedvaldomagalhaes.com.br\/index.php\/wp-json\/wp\/v2\/tags?post=53589"}],"curies":[{"name":"wp","href":"https:\/\/api.w.org\/{rel}","templated":true}]}}