{"id":53584,"date":"2020-04-02T20:44:40","date_gmt":"2020-04-02T23:44:40","guid":{"rendered":"http:\/\/blogdoedvaldomagalhaes.com.br\/?p=53584"},"modified":"2020-04-02T21:37:58","modified_gmt":"2020-04-03T00:37:58","slug":"vereadores-de-caruaru-autorizam-que-recursos-voltem-para-o-executivo-em-situacoes-de-calamidade","status":"publish","type":"post","link":"https:\/\/blogdoedvaldomagalhaes.com.br\/index.php\/2020\/04\/02\/vereadores-de-caruaru-autorizam-que-recursos-voltem-para-o-executivo-em-situacoes-de-calamidade\/","title":{"rendered":"Vereadores de Caruaru autorizam que recursos voltem para o Executivo em situa\u00e7\u00f5es de calamidade"},"content":{"rendered":"<p style=\"text-align: justify;\"><span style=\"font-size: inherit;\">Durante a sess\u00e3o plen\u00e1ria virtual ocorrida nesta quinta-feira (02), os vereadores aprovaram por unanimidade, o projeto de lei 8.509\/20 que altera a lei 5.510, que disp\u00f5e sobre o fundo especial da C\u00e2mara Municipal &#8211; dando possibilidade que parte do valor do fundo, seja devolvido ao Poder Executivo caso haja a decreta\u00e7\u00e3o de calamidade p\u00fablica.<\/span><\/p>\n<p style=\"text-align: justify;\">Esse fundo \u00e9 destinado para a constru\u00e7\u00e3o de uma sede pr\u00f3pria para a Casa, e tem recebido recursos a medida em que h\u00e1 uma economia no Poder Legislativo.<\/p>\n<p style=\"text-align: justify;\">De acordo com o Presidente da C\u00e2mara, Vereador Lula T\u00f4rres (PSDB), o valor do fundo especial \u00e9 oriundo de economias feitas pela Casa, incluindo a entrega de carro alugado, da entrega de pr\u00e9dio alugado, da instala\u00e7\u00e3o do SAPL, que consequentemente diminuiu o uso de insumos f\u00edsicos, al\u00e9m da instala\u00e7\u00e3o de l\u00e2mpadas de LED e outras a\u00e7\u00f5es. Para ele, os edis tem cumprindo o seu papel<\/p>\n<p style=\"text-align: justify;\">\u201cEsse projeto, de autoria da Mesa Diretora, \u00e9 a prova de que mais uma vez estamos atentos na defesa dos interesses do povo de Caruaru. Os 22 vereadores e a vereadora sabem que a crise ir\u00e1 se agravar e por isso, t\u00eam se esfor\u00e7ado no aux\u00edlio \u00e0 popula\u00e7\u00e3o, para analisar, votar e propor a\u00e7\u00f5es que beneficiem a todos nesse per\u00edodo dif\u00edcil\u201d, destaca o Presidente Vereador Lula T\u00f4rres.<\/p>\n<p style=\"text-align: justify;\">O projeto 8.509\/20 agora segue para a san\u00e7\u00e3o do Poder Executivo.<\/p>\n<p>Foto: Vladimir Rodrigues.<\/p>\n","protected":false},"excerpt":{"rendered":"<p>Durante a sess\u00e3o plen\u00e1ria virtual ocorrida nesta quinta-feira (02), os vereadores aprovaram por unanimidade, o projeto de lei 8.509\/20 que&hellip;<\/p>\n","protected":false},"author":1,"featured_media":53585,"comment_status":"open","ping_status":"open","sticky":false,"template":"","format":"standard","meta":{"footnotes":""},"categories":[14122],"tags":[],"class_list":["post-53584","post","type-post","status-publish","format-standard","has-post-thumbnail","hentry","category-politica"],"_links":{"self":[{"href":"https:\/\/blogdoedvaldomagalhaes.com.br\/index.php\/wp-json\/wp\/v2\/posts\/53584","targetHints":{"allow":["GET"]}}],"collection":[{"href":"https:\/\/blogdoedvaldomagalhaes.com.br\/index.php\/wp-json\/wp\/v2\/posts"}],"about":[{"href":"https:\/\/blogdoedvaldomagalhaes.com.br\/index.php\/wp-json\/wp\/v2\/types\/post"}],"author":[{"embeddable":true,"href":"https:\/\/blogdoedvaldomagalhaes.com.br\/index.php\/wp-json\/wp\/v2\/users\/1"}],"replies":[{"embeddable":true,"href":"https:\/\/blogdoedvaldomagalhaes.com.br\/index.php\/wp-json\/wp\/v2\/comments?post=53584"}],"version-history":[{"count":2,"href":"https:\/\/blogdoedvaldomagalhaes.com.br\/index.php\/wp-json\/wp\/v2\/posts\/53584\/revisions"}],"predecessor-version":[{"id":53588,"href":"https:\/\/blogdoedvaldomagalhaes.com.br\/index.php\/wp-json\/wp\/v2\/posts\/53584\/revisions\/53588"}],"wp:featuredmedia":[{"embeddable":true,"href":"https:\/\/blogdoedvaldomagalhaes.com.br\/index.php\/wp-json\/wp\/v2\/media\/53585"}],"wp:attachment":[{"href":"https:\/\/blogdoedvaldomagalhaes.com.br\/index.php\/wp-json\/wp\/v2\/media?parent=53584"}],"wp:term":[{"taxonomy":"category","embeddable":true,"href":"https:\/\/blogdoedvaldomagalhaes.com.br\/index.php\/wp-json\/wp\/v2\/categories?post=53584"},{"taxonomy":"post_tag","embeddable":true,"href":"https:\/\/blogdoedvaldomagalhaes.com.br\/index.php\/wp-json\/wp\/v2\/tags?post=53584"}],"curies":[{"name":"wp","href":"https:\/\/api.w.org\/{rel}","templated":true}]}}