{"id":5357,"date":"2017-07-15T12:51:00","date_gmt":"2017-07-15T15:51:00","guid":{"rendered":"http:\/\/blogdoedvaldomagalhaes.com.br\/index.php\/2017\/07\/15\/confira-onde-houve-mudanca-temporaria\/"},"modified":"2019-02-09T01:35:37","modified_gmt":"2019-02-09T03:35:37","slug":"confira-onde-houve-mudanca-temporaria","status":"publish","type":"post","link":"https:\/\/blogdoedvaldomagalhaes.com.br\/index.php\/2017\/07\/15\/confira-onde-houve-mudanca-temporaria\/","title":{"rendered":"Confira onde houve mudan\u00e7a tempor\u00e1ria na coleta de lixo em Caruaru"},"content":{"rendered":"<div class=\"separator\" style=\"clear: both; text-align: center;\">\n<a href=\"https:\/\/4.bp.blogspot.com\/-ADVMQ1wJszs\/WWoOEQcoQbI\/AAAAAAAAZfA\/6u9fwXkAMqMTcnjmMANwR3k4TNKJuOhngCLcBGAs\/s1600\/coleta%2Bde%2Blixo.jpg\" imageanchor=\"1\" style=\"margin-left: 1em; margin-right: 1em;\"><img loading=\"lazy\" decoding=\"async\" border=\"0\" data-original-height=\"260\" data-original-width=\"346\" height=\"300\" src=\"http:\/\/blogdoedvaldomagalhaes.com.br\/wp-content\/uploads\/2017\/07\/coletadelixo.jpg\" width=\"400\" \/><\/a><\/div>\n<div class=\"separator\" style=\"clear: both; text-align: center;\">\n<\/div>\n<div style=\"background: white; margin-bottom: 18.0pt; margin-left: 0cm; margin-right: 0cm; margin-top: 0cm; text-align: justify; vertical-align: baseline;\">\nA<br \/>\nSecretaria de Servi\u00e7os P\u00fablicos informa que, devido aos desgastes no solo<br \/>\nocasionados pelas chuvas, em algumas localidades da cidade, a frota de<br \/>\ncaminh\u00f5es da coleta domiciliar de lixo est\u00e1 tendo dificuldade em trafegar.<\/div>\n<div style=\"background: white; margin: 0cm 0cm 18pt; outline: 0px; text-align: justify; vertical-align: baseline;\">\nA Ger\u00eancia de Limpeza da SSP<br \/>\nsolicita aos moradores das vias danificadas que levem seus lixos \u00e0s ruas mais<br \/>\npr\u00f3ximas, onde a coleta est\u00e1 ocorrendo normalmente. Esta medida \u00e9 tempor\u00e1ria,<br \/>\nat\u00e9 que os locais sejam recuperados, normalizando, assim, a coleta.<\/div>\n<div style=\"background: white; margin: 0cm 0cm 18pt; outline: 0px; text-align: justify; vertical-align: baseline;\">\nO morador que, n\u00e3o estando nestas<br \/>\nlocalidades, tiver algum problema em rela\u00e7\u00e3o a coleta de lixo, entrar em<br \/>\ncontato com a Ger\u00eancia de Limpeza da Secretaria de Servi\u00e7os P\u00fablicos,<br \/>\nlocalizada na Rua Rafael Cavalcanti s\/n, Bairro Pinheir\u00f3polis, ou pelo n\u00famero<br \/>\n3701-1455.<\/div>\n<div style=\"background: white; margin: 0cm 0cm 0.0001pt; outline: 0px; text-align: justify; vertical-align: baseline;\">\n<strong style=\"font-style: inherit; outline: 0px;\">Os bairros atingidos e que<br \/>\nexistem dificuldades no tr\u00e1fego s\u00e3o:<\/strong><\/div>\n<p><\/p>\n<div style=\"background: white; margin: 0cm 0cm 0.0001pt; outline: 0px; vertical-align: baseline;\">\n<\/div>\n<div style=\"text-align: justify;\">\n\u2013<br \/>\nManoel Afonso;<\/div>\n<p><\/p>\n<div style=\"text-align: justify;\">\n\u2013 Loteamento Jardim Boa Vista;<\/div>\n<div style=\"text-align: justify;\">\n\u2013 S\u00e3o Jo\u00e3o da Esc\u00f3cia;<\/div>\n<div style=\"text-align: justify;\">\n\u2013 Cidade Alta;<\/div>\n<div style=\"text-align: justify;\">\n\u2013 Nova Caruaru;<\/div>\n<div style=\"text-align: justify;\">\n\u2013 Loteamento Jo\u00e3o Batista;<\/div>\n<div style=\"text-align: justify;\">\n\u2013 Jos\u00e9 Carlos de Oliveira;<\/div>\n<div style=\"text-align: justify;\">\n\u2013 Loteamento Hosana;<\/div>\n<div style=\"text-align: justify;\">\n\u2013 Loteamento Miguel Alves;<\/div>\n<div style=\"text-align: justify;\">\n\u2013 Loteamento Monte Sinai;<\/div>\n<div style=\"text-align: justify;\">\n\u2013 Loteamento Itamaty (S\u00e3o Joo\u00e3o da Esc\u00f3cia- Ponto da Fuma\u00e7a);<\/div>\n<div style=\"text-align: justify;\">\n\u2013 Posto Agamenon;<\/div>\n<div style=\"text-align: justify;\">\n\u2013 Vila Cana\u00e3;<\/div>\n<div style=\"text-align: justify;\">\n\u2013 Estrada do Capim, at\u00e9 Lajedo do Cedro;<\/div>\n<div style=\"text-align: justify;\">\n\u2013 S\u00edtio Capivara;<\/div>\n<div style=\"text-align: justify;\">\n\u2013 Malhada das Caveiras;<\/div>\n<div style=\"text-align: justify;\">\n\u2013 Loteamento Luiz Gonzaga;<\/div>\n<div style=\"text-align: justify;\">\n\u2013 S\u00edtio Cip\u00f3;<\/div>\n<div style=\"text-align: justify;\">\n\u2013 Morada Nova;<\/div>\n<div style=\"text-align: justify;\">\n\u2013 S\u00edtio Umburanas;<\/div>\n<div style=\"text-align: justify;\">\n\u2013 Lagoa do Paulista;<\/div>\n<div style=\"text-align: justify;\">\n\u2013 Loteamento Rom\u00e9ro Pedro de Souza;<\/div>\n<div style=\"text-align: justify;\">\n\u2013 Loteamento Novo Mundo;<\/div>\n<div style=\"text-align: justify;\">\n\u2013 Parque Real;<\/div>\n<div style=\"text-align: justify;\">\n\u2013 Moura Brasil;<\/div>\n<div style=\"text-align: justify;\">\n\u2013 Serran\u00f3polis;<\/div>\n<div style=\"text-align: justify;\">\n\u2013 Loteamento Parque da Cidade<\/p>\n<div class=\"separator\" style=\"clear: both; text-align: center;\">\n<a href=\"http:\/\/blogdoedvaldomagalhaes.com.br\/wp-content\/uploads\/2017\/07\/sismuc-4.jpg\" imageanchor=\"1\" style=\"clear: left; float: left; margin-bottom: 1em; margin-right: 1em;\"><img decoding=\"async\" border=\"0\" data-original-height=\"100\" data-original-width=\"570\" src=\"http:\/\/blogdoedvaldomagalhaes.com.br\/wp-content\/uploads\/2017\/07\/sismuc-4.jpg\" \/><\/a><\/div>\n<p><\/div>\n","protected":false},"excerpt":{"rendered":"<p>A Secretaria de Servi\u00e7os P\u00fablicos informa que, devido aos desgastes no solo ocasionados pelas chuvas, em algumas localidades da cidade,&hellip;<\/p>\n","protected":false},"author":1,"featured_media":0,"comment_status":"open","ping_status":"open","sticky":false,"template":"","format":"standard","meta":{"footnotes":""},"categories":[1],"tags":[2,7103,7104,6,7105,7106,5959,7107,3855,3936],"class_list":["post-5357","post","type-post","status-publish","format-standard","hentry","category-sem-categoria","tag-blog-do-edvaldo-magalhaes","tag-cidade-alta","tag-confira-onde-houve-mudanca-temporaria-na-coleta-de-lixo-em-caruaru","tag-noticias","tag-nova-caruaru","tag-parque-real","tag-posto-agamenon","tag-sitio-capivara","tag-sitio-cipo","tag-vila-canaa"],"_links":{"self":[{"href":"https:\/\/blogdoedvaldomagalhaes.com.br\/index.php\/wp-json\/wp\/v2\/posts\/5357","targetHints":{"allow":["GET"]}}],"collection":[{"href":"https:\/\/blogdoedvaldomagalhaes.com.br\/index.php\/wp-json\/wp\/v2\/posts"}],"about":[{"href":"https:\/\/blogdoedvaldomagalhaes.com.br\/index.php\/wp-json\/wp\/v2\/types\/post"}],"author":[{"embeddable":true,"href":"https:\/\/blogdoedvaldomagalhaes.com.br\/index.php\/wp-json\/wp\/v2\/users\/1"}],"replies":[{"embeddable":true,"href":"https:\/\/blogdoedvaldomagalhaes.com.br\/index.php\/wp-json\/wp\/v2\/comments?post=5357"}],"version-history":[{"count":1,"href":"https:\/\/blogdoedvaldomagalhaes.com.br\/index.php\/wp-json\/wp\/v2\/posts\/5357\/revisions"}],"predecessor-version":[{"id":22107,"href":"https:\/\/blogdoedvaldomagalhaes.com.br\/index.php\/wp-json\/wp\/v2\/posts\/5357\/revisions\/22107"}],"wp:attachment":[{"href":"https:\/\/blogdoedvaldomagalhaes.com.br\/index.php\/wp-json\/wp\/v2\/media?parent=5357"}],"wp:term":[{"taxonomy":"category","embeddable":true,"href":"https:\/\/blogdoedvaldomagalhaes.com.br\/index.php\/wp-json\/wp\/v2\/categories?post=5357"},{"taxonomy":"post_tag","embeddable":true,"href":"https:\/\/blogdoedvaldomagalhaes.com.br\/index.php\/wp-json\/wp\/v2\/tags?post=5357"}],"curies":[{"name":"wp","href":"https:\/\/api.w.org\/{rel}","templated":true}]}}