{"id":53562,"date":"2020-04-02T09:14:07","date_gmt":"2020-04-02T12:14:07","guid":{"rendered":"http:\/\/blogdoedvaldomagalhaes.com.br\/?p=53562"},"modified":"2020-04-02T09:14:11","modified_gmt":"2020-04-02T12:14:11","slug":"sindloja-solicita-reabertura-do-comercio-de-caruaru-de-forma-gradual","status":"publish","type":"post","link":"https:\/\/blogdoedvaldomagalhaes.com.br\/index.php\/2020\/04\/02\/sindloja-solicita-reabertura-do-comercio-de-caruaru-de-forma-gradual\/","title":{"rendered":"Sindloja solicita reabertura do com\u00e9rcio de Caruaru de forma gradual"},"content":{"rendered":"<p style=\"text-align: justify;\">NOTA<\/p>\n<p style=\"text-align: justify;\">A diretoria do Sindicato dos Lojistas do Com\u00e9rcio de Caruaru (Sindloja), em reuni\u00e3o realizada por meio de videoconfer\u00eancia, decidiu solicitar aos poderes p\u00fablicos que o com\u00e9rcio possa reabrir de forma gradual.<\/p>\n<p style=\"text-align: justify;\">A sugest\u00e3o ser\u00e1 para que as lojas possam funcionar de portas fechadas controlando a quantidade de clientes e dentro dos crit\u00e9rios de distanciamento entre clientes e atendentes, utilizando produtos que auxiliem no combate ao novo coronav\u00edrus, como o \u00e1lcool em gel a 70% e m\u00e1scaras. Esse seria o primeiro passo para retomada da atividade econ\u00f4mica.<\/p>\n<p style=\"text-align: justify;\">A iniciativa segue exemplos de outras grandes cidades, como Campina Grande-PB, que retomar\u00e1 gradativamente suas atividades a partir do dia 6 de abril, seguindo condi\u00e7\u00f5es r\u00edgidas para que os segmentos produtivos voltem a funcionar.<\/p>\n<p style=\"text-align: justify;\">O Sindloja tamb\u00e9m solicita informa\u00e7\u00f5es do Governo do Estado sobre as a\u00e7\u00f5es de combate e preven\u00e7\u00e3o \u00e0 Covid-19, principalmente quando se trata da instala\u00e7\u00e3o de infraestrutura, como hospitais de campanha, aquisi\u00e7\u00e3o de materiais de EPI para profissionais de sa\u00fade, aquisi\u00e7\u00e3o de testes para detectar a doen\u00e7a, contrata\u00e7\u00e3o de profissionais para refor\u00e7ar a estrutura de atendimento e a cria\u00e7\u00e3o das estruturas de apoio para as cidades do interior do Estado para atender pessoas contaminadas, entre outros.<\/p>\n<p>Foto: Blog do Edvaldo Magalh\u00e3es.<\/p>\n","protected":false},"excerpt":{"rendered":"<p>NOTA A diretoria do Sindicato dos Lojistas do Com\u00e9rcio de Caruaru (Sindloja), em reuni\u00e3o realizada por meio de videoconfer\u00eancia, decidiu&hellip;<\/p>\n","protected":false},"author":1,"featured_media":53563,"comment_status":"open","ping_status":"open","sticky":false,"template":"","format":"standard","meta":{"footnotes":""},"categories":[14120],"tags":[2,16881,17694],"class_list":["post-53562","post","type-post","status-publish","format-standard","has-post-thumbnail","hentry","category-noticias","tag-blog-do-edvaldo-magalhaes","tag-caruaru-e-regiao","tag-sindloja-solicita-reabertura-do-comercio-de-caruaru-de-forma-gradual"],"_links":{"self":[{"href":"https:\/\/blogdoedvaldomagalhaes.com.br\/index.php\/wp-json\/wp\/v2\/posts\/53562","targetHints":{"allow":["GET"]}}],"collection":[{"href":"https:\/\/blogdoedvaldomagalhaes.com.br\/index.php\/wp-json\/wp\/v2\/posts"}],"about":[{"href":"https:\/\/blogdoedvaldomagalhaes.com.br\/index.php\/wp-json\/wp\/v2\/types\/post"}],"author":[{"embeddable":true,"href":"https:\/\/blogdoedvaldomagalhaes.com.br\/index.php\/wp-json\/wp\/v2\/users\/1"}],"replies":[{"embeddable":true,"href":"https:\/\/blogdoedvaldomagalhaes.com.br\/index.php\/wp-json\/wp\/v2\/comments?post=53562"}],"version-history":[{"count":1,"href":"https:\/\/blogdoedvaldomagalhaes.com.br\/index.php\/wp-json\/wp\/v2\/posts\/53562\/revisions"}],"predecessor-version":[{"id":53564,"href":"https:\/\/blogdoedvaldomagalhaes.com.br\/index.php\/wp-json\/wp\/v2\/posts\/53562\/revisions\/53564"}],"wp:featuredmedia":[{"embeddable":true,"href":"https:\/\/blogdoedvaldomagalhaes.com.br\/index.php\/wp-json\/wp\/v2\/media\/53563"}],"wp:attachment":[{"href":"https:\/\/blogdoedvaldomagalhaes.com.br\/index.php\/wp-json\/wp\/v2\/media?parent=53562"}],"wp:term":[{"taxonomy":"category","embeddable":true,"href":"https:\/\/blogdoedvaldomagalhaes.com.br\/index.php\/wp-json\/wp\/v2\/categories?post=53562"},{"taxonomy":"post_tag","embeddable":true,"href":"https:\/\/blogdoedvaldomagalhaes.com.br\/index.php\/wp-json\/wp\/v2\/tags?post=53562"}],"curies":[{"name":"wp","href":"https:\/\/api.w.org\/{rel}","templated":true}]}}