{"id":53559,"date":"2020-04-01T23:31:15","date_gmt":"2020-04-02T02:31:15","guid":{"rendered":"http:\/\/blogdoedvaldomagalhaes.com.br\/?p=53559"},"modified":"2020-04-02T22:45:46","modified_gmt":"2020-04-03T01:45:46","slug":"vereador-fagner-disponibiliza-comedouros-e-abrigos-para-animais-de-rua","status":"publish","type":"post","link":"https:\/\/blogdoedvaldomagalhaes.com.br\/index.php\/2020\/04\/01\/vereador-fagner-disponibiliza-comedouros-e-abrigos-para-animais-de-rua\/","title":{"rendered":"Vereador Fagner disponibiliza comedouros e abrigos para animais de rua"},"content":{"rendered":"<p style=\"text-align: justify;\"><span style=\"font-size: inherit;\">Na manh\u00e3 desta quarta-feira(01), o vereador Fagner Fernandes deu in\u00edcio a instala\u00e7\u00e3o de comedouros, bebedouros e casinhas para animais de rua.<\/span><\/p>\n<p style=\"text-align: justify;\">A instala\u00e7\u00e3o do equipamento faz parte da campanha \u201cMeu amigo da rua\u201d, que tem por objetivo manter uma rede de prote\u00e7\u00e3o, formada de pessoas sens\u00edveis e dispostas a colocar ra\u00e7\u00e3o para aqueles animais que vivem pr\u00f3ximo de sua resid\u00eancia.<\/p>\n<p style=\"text-align: justify;\">Para adotar um comedouro, bebedouro ou casinha, o interessado deve entrar em contato com a equipe do vereador, atrav\u00e9s do inbox da Fanpage @fagnerfernandesoficial. O equipamento \u00e9 disponibilizado, diante do comprometimento do respons\u00e1vel com a troca di\u00e1ria, da \u00e1gua do bebedouro, a fim de evitar a prolifera\u00e7\u00e3o do Aedes Aegypti, o popularmente conhecido, mosquito da dengue.<\/p>\n<p style=\"text-align: justify;\">Os comedouros e bebedouros feitos de cano PVC, e as casinhas de bacia est\u00e3o sendo confeccionado pelo pr\u00f3prio parlamentar. \u201cAtrav\u00e9s de um material acess\u00edvel e barato, podemos facilitar a rotina das pessoas que est\u00e3o dispostas a fazer o bem pelos nossos animais, na mesma medida em que garantiremos a distribui\u00e7\u00e3o de ra\u00e7\u00e3o para aqueles que t\u00eam fome de forma organizada, al\u00e9m de fornecer abrigo do frio e da chuva\u201d, destacou Fagner.<\/p>\n","protected":false},"excerpt":{"rendered":"<p>Na manh\u00e3 desta quarta-feira(01), o vereador Fagner Fernandes deu in\u00edcio a instala\u00e7\u00e3o de comedouros, bebedouros e casinhas para animais de&hellip;<\/p>\n","protected":false},"author":1,"featured_media":53560,"comment_status":"open","ping_status":"open","sticky":false,"template":"","format":"standard","meta":{"footnotes":""},"categories":[14122],"tags":[2,16881,17693],"class_list":["post-53559","post","type-post","status-publish","format-standard","has-post-thumbnail","hentry","category-politica","tag-blog-do-edvaldo-magalhaes","tag-caruaru-e-regiao","tag-vereador-fagner-disponibiliza-comedouros-e-abrigos-para-animais-de-rua"],"_links":{"self":[{"href":"https:\/\/blogdoedvaldomagalhaes.com.br\/index.php\/wp-json\/wp\/v2\/posts\/53559","targetHints":{"allow":["GET"]}}],"collection":[{"href":"https:\/\/blogdoedvaldomagalhaes.com.br\/index.php\/wp-json\/wp\/v2\/posts"}],"about":[{"href":"https:\/\/blogdoedvaldomagalhaes.com.br\/index.php\/wp-json\/wp\/v2\/types\/post"}],"author":[{"embeddable":true,"href":"https:\/\/blogdoedvaldomagalhaes.com.br\/index.php\/wp-json\/wp\/v2\/users\/1"}],"replies":[{"embeddable":true,"href":"https:\/\/blogdoedvaldomagalhaes.com.br\/index.php\/wp-json\/wp\/v2\/comments?post=53559"}],"version-history":[{"count":1,"href":"https:\/\/blogdoedvaldomagalhaes.com.br\/index.php\/wp-json\/wp\/v2\/posts\/53559\/revisions"}],"predecessor-version":[{"id":53561,"href":"https:\/\/blogdoedvaldomagalhaes.com.br\/index.php\/wp-json\/wp\/v2\/posts\/53559\/revisions\/53561"}],"wp:featuredmedia":[{"embeddable":true,"href":"https:\/\/blogdoedvaldomagalhaes.com.br\/index.php\/wp-json\/wp\/v2\/media\/53560"}],"wp:attachment":[{"href":"https:\/\/blogdoedvaldomagalhaes.com.br\/index.php\/wp-json\/wp\/v2\/media?parent=53559"}],"wp:term":[{"taxonomy":"category","embeddable":true,"href":"https:\/\/blogdoedvaldomagalhaes.com.br\/index.php\/wp-json\/wp\/v2\/categories?post=53559"},{"taxonomy":"post_tag","embeddable":true,"href":"https:\/\/blogdoedvaldomagalhaes.com.br\/index.php\/wp-json\/wp\/v2\/tags?post=53559"}],"curies":[{"name":"wp","href":"https:\/\/api.w.org\/{rel}","templated":true}]}}