{"id":53545,"date":"2020-04-01T22:09:59","date_gmt":"2020-04-02T01:09:59","guid":{"rendered":"http:\/\/blogdoedvaldomagalhaes.com.br\/?p=53545"},"modified":"2020-04-01T22:10:03","modified_gmt":"2020-04-02T01:10:03","slug":"aviao-da-fab-desembarca-no-recife-com-nove-toneladas-de-materiais-de-saude","status":"publish","type":"post","link":"https:\/\/blogdoedvaldomagalhaes.com.br\/index.php\/2020\/04\/01\/aviao-da-fab-desembarca-no-recife-com-nove-toneladas-de-materiais-de-saude\/","title":{"rendered":"Avi\u00e3o da FAB desembarca no Recife com nove toneladas de materiais de sa\u00fade"},"content":{"rendered":"<p style=\"text-align: justify;\">Na tarde desta quarta-feira (1\u00ba), chegou ao Recife, um carregamento de cerca de nove toneladas de equipamentos de prote\u00e7\u00e3o individual (EPIs), \u00e1lcool em gel, medicamentos e testes r\u00e1pidos para abastecer hospitais e servi\u00e7os de sa\u00fade de Pernambuco, Bahia, Sergipe, Alagoas, Para\u00edba e Rio Grande do Norte. Em terras pernambucanas, ficar\u00e1 aproximadamente 2,4 toneladas desse material.<\/p>\n<p style=\"text-align: justify;\">O Minist\u00e9rio da Sa\u00fade comprou o conte\u00fado atrav\u00e9s de licita\u00e7\u00e3o emergencial para refor\u00e7ar o estoque de cada estado. O conte\u00fado ficar\u00e1 estocado no Almoxarifado Estadual de Medicamentos, na Muribeca, Jaboat\u00e3o dos Guararapes. A Secretaria Estadual de Sa\u00fade (SES) ficar\u00e1 respons\u00e1vel por distribuir o material para cada unidade de sa\u00fade, de acordo com as necessidades de cada local.<\/p>\n","protected":false},"excerpt":{"rendered":"<p>Na tarde desta quarta-feira (1\u00ba), chegou ao Recife, um carregamento de cerca de nove toneladas de equipamentos de prote\u00e7\u00e3o individual&hellip;<\/p>\n","protected":false},"author":1,"featured_media":53546,"comment_status":"open","ping_status":"open","sticky":false,"template":"","format":"standard","meta":{"footnotes":""},"categories":[14120],"tags":[17691,2,16881],"class_list":["post-53545","post","type-post","status-publish","format-standard","has-post-thumbnail","hentry","category-noticias","tag-aviao-da-fab-desembarca-no-recife-com-nove-toneladas-de-materiais-de-saude","tag-blog-do-edvaldo-magalhaes","tag-caruaru-e-regiao"],"_links":{"self":[{"href":"https:\/\/blogdoedvaldomagalhaes.com.br\/index.php\/wp-json\/wp\/v2\/posts\/53545","targetHints":{"allow":["GET"]}}],"collection":[{"href":"https:\/\/blogdoedvaldomagalhaes.com.br\/index.php\/wp-json\/wp\/v2\/posts"}],"about":[{"href":"https:\/\/blogdoedvaldomagalhaes.com.br\/index.php\/wp-json\/wp\/v2\/types\/post"}],"author":[{"embeddable":true,"href":"https:\/\/blogdoedvaldomagalhaes.com.br\/index.php\/wp-json\/wp\/v2\/users\/1"}],"replies":[{"embeddable":true,"href":"https:\/\/blogdoedvaldomagalhaes.com.br\/index.php\/wp-json\/wp\/v2\/comments?post=53545"}],"version-history":[{"count":1,"href":"https:\/\/blogdoedvaldomagalhaes.com.br\/index.php\/wp-json\/wp\/v2\/posts\/53545\/revisions"}],"predecessor-version":[{"id":53547,"href":"https:\/\/blogdoedvaldomagalhaes.com.br\/index.php\/wp-json\/wp\/v2\/posts\/53545\/revisions\/53547"}],"wp:featuredmedia":[{"embeddable":true,"href":"https:\/\/blogdoedvaldomagalhaes.com.br\/index.php\/wp-json\/wp\/v2\/media\/53546"}],"wp:attachment":[{"href":"https:\/\/blogdoedvaldomagalhaes.com.br\/index.php\/wp-json\/wp\/v2\/media?parent=53545"}],"wp:term":[{"taxonomy":"category","embeddable":true,"href":"https:\/\/blogdoedvaldomagalhaes.com.br\/index.php\/wp-json\/wp\/v2\/categories?post=53545"},{"taxonomy":"post_tag","embeddable":true,"href":"https:\/\/blogdoedvaldomagalhaes.com.br\/index.php\/wp-json\/wp\/v2\/tags?post=53545"}],"curies":[{"name":"wp","href":"https:\/\/api.w.org\/{rel}","templated":true}]}}