{"id":53542,"date":"2020-04-01T21:49:49","date_gmt":"2020-04-02T00:49:49","guid":{"rendered":"http:\/\/blogdoedvaldomagalhaes.com.br\/?p=53542"},"modified":"2020-04-01T21:49:54","modified_gmt":"2020-04-02T00:49:54","slug":"gastrologo-de-23-anos-e-o-mais-jovem-a-morrer-por-covid-19-no-brasil","status":"publish","type":"post","link":"https:\/\/blogdoedvaldomagalhaes.com.br\/index.php\/2020\/04\/01\/gastrologo-de-23-anos-e-o-mais-jovem-a-morrer-por-covid-19-no-brasil\/","title":{"rendered":"Gastr\u00f3logo de 23 anos \u00e9 o mais jovem a morrer por Covid-19 no Brasil"},"content":{"rendered":"<p style=\"text-align: justify;\">A Secretaria Estadual da Sa\u00fade P\u00fablica do Rio Grande do Norte (Sesap) e a Secretaria Municipal de Sa\u00fade de Natal confirmaram na noite desta ter\u00e7a (31) a segunda morte pelo novo coronav\u00edrus (Sars-Cov-2) no estado. Trata-se do gastr\u00f3logo Matheus Aciole, de 23 anos.<\/p>\n<p style=\"text-align: justify;\">Ele \u00e9 o mais jovem a ter morte pela Covid-19 confirmada no pa\u00eds, segundo dados das secretarias estaduais. At\u00e9 as 6h desta quarta-feira, as\u00a0<a href=\"https:\/\/g1.globo.com\/bemestar\/coronavirus\/noticia\/2020\/04\/01\/casos-de-coronavirus-no-brasil-em-1-de-abril.ghtml\">secretarias registravam 203 mortes<\/a>\u00a0no Brasil e um total de 5.812 casos confirmados.<\/p>\n<p style=\"text-align: justify;\">Matheus morreu no in\u00edcio da noite de ter\u00e7a em Natal, e o resultado positivo do exame para Covid-19 foi dado em seguida. De acordo com a Sesap, ele eraobeso.<a href=\"https:\/\/g1.globo.com\/bemestar\/coronavirus\/noticia\/2020\/03\/27\/obesidade-pode-estar-associada-a-quadros-graves-de-coronavirus-aponta-pesquisa-no-reino-unido.ghtml\">\u00a0A obesidade \u00e9 um elemento que pode estar associado a quadros graves da doen\u00e7a<\/a>, segundo aponta pesquisa do Reino Unido.<\/p>\n<p style=\"text-align: justify;\">Ainda segundo informa\u00e7\u00f5es da Secretaria Estadual de Sa\u00fade, o paciente deu entrada em um hospital privado em 24 de mar\u00e7o. Matheus foi examinado e liberado para voltar para casa, onde deveria manter medica\u00e7\u00f5es prescritas.<\/p>\n<p style=\"text-align: justify;\">Ele ficou isolado por dois dias, mas n\u00e3o apresentou melhora. Matheus, ent\u00e3o, procurou o servi\u00e7o p\u00fablico de sa\u00fade na \u00faltima sexta-feira (27), quando foi atendido e realizou o teste para a Covid-19. Logo em seguida, Matheus foi internado na UTI. Ele morreu no hospital.<\/p>\n","protected":false},"excerpt":{"rendered":"<p>A Secretaria Estadual da Sa\u00fade P\u00fablica do Rio Grande do Norte (Sesap) e a Secretaria Municipal de Sa\u00fade de Natal&hellip;<\/p>\n","protected":false},"author":1,"featured_media":53543,"comment_status":"open","ping_status":"open","sticky":false,"template":"","format":"standard","meta":{"footnotes":""},"categories":[14120],"tags":[2,16881,17690],"class_list":["post-53542","post","type-post","status-publish","format-standard","has-post-thumbnail","hentry","category-noticias","tag-blog-do-edvaldo-magalhaes","tag-caruaru-e-regiao","tag-gastrologo-de-23-anos-e-o-mais-jovem-a-morrer-por-covid-19-no-brasil"],"_links":{"self":[{"href":"https:\/\/blogdoedvaldomagalhaes.com.br\/index.php\/wp-json\/wp\/v2\/posts\/53542","targetHints":{"allow":["GET"]}}],"collection":[{"href":"https:\/\/blogdoedvaldomagalhaes.com.br\/index.php\/wp-json\/wp\/v2\/posts"}],"about":[{"href":"https:\/\/blogdoedvaldomagalhaes.com.br\/index.php\/wp-json\/wp\/v2\/types\/post"}],"author":[{"embeddable":true,"href":"https:\/\/blogdoedvaldomagalhaes.com.br\/index.php\/wp-json\/wp\/v2\/users\/1"}],"replies":[{"embeddable":true,"href":"https:\/\/blogdoedvaldomagalhaes.com.br\/index.php\/wp-json\/wp\/v2\/comments?post=53542"}],"version-history":[{"count":1,"href":"https:\/\/blogdoedvaldomagalhaes.com.br\/index.php\/wp-json\/wp\/v2\/posts\/53542\/revisions"}],"predecessor-version":[{"id":53544,"href":"https:\/\/blogdoedvaldomagalhaes.com.br\/index.php\/wp-json\/wp\/v2\/posts\/53542\/revisions\/53544"}],"wp:featuredmedia":[{"embeddable":true,"href":"https:\/\/blogdoedvaldomagalhaes.com.br\/index.php\/wp-json\/wp\/v2\/media\/53543"}],"wp:attachment":[{"href":"https:\/\/blogdoedvaldomagalhaes.com.br\/index.php\/wp-json\/wp\/v2\/media?parent=53542"}],"wp:term":[{"taxonomy":"category","embeddable":true,"href":"https:\/\/blogdoedvaldomagalhaes.com.br\/index.php\/wp-json\/wp\/v2\/categories?post=53542"},{"taxonomy":"post_tag","embeddable":true,"href":"https:\/\/blogdoedvaldomagalhaes.com.br\/index.php\/wp-json\/wp\/v2\/tags?post=53542"}],"curies":[{"name":"wp","href":"https:\/\/api.w.org\/{rel}","templated":true}]}}