{"id":53538,"date":"2020-04-01T19:33:30","date_gmt":"2020-04-01T22:33:30","guid":{"rendered":"http:\/\/blogdoedvaldomagalhaes.com.br\/?p=53538"},"modified":"2020-04-01T19:43:02","modified_gmt":"2020-04-01T22:43:02","slug":"pernambuco-registra-mais-duas-mortes-por-coronavirus","status":"publish","type":"post","link":"https:\/\/blogdoedvaldomagalhaes.com.br\/index.php\/2020\/04\/01\/pernambuco-registra-mais-duas-mortes-por-coronavirus\/","title":{"rendered":"Pernambuco registra mais duas mortes por coronav\u00edrus"},"content":{"rendered":"<p style=\"text-align: justify;\">Foram confirmados, nesta quarta-feira (01\/04), mais 8 casos do Novo Coronav\u00edrus em Pernambuco, somando 95 confirma\u00e7\u00f5es at\u00e9 agora. A Secretaria de Sa\u00fade de Pernambuco (SES-PE) tamb\u00e9m anunciou mais duas mortes pela Covid-19 &#8211; dois homens, de 64 e 81 anos, residentes de Recife e Olinda, respectivamente.<br \/>\n\u2800\u2800\u2800<br \/>\nO paciente de 64 anos, do Recife, entrou no Hospital Universit\u00e1rio Oswaldo Cruz (Huoc) no dia 21\/03, foi transferido para a UTI no dia 24\/03 e veio a \u00f3bito na \u00faltima ter\u00e7a (31). O idoso de Olinda, de 81 anos, foi socorrido no dia 25\/03 e teve uma parada cardiorrespirat\u00f3ria que o levou a \u00f3bito. Uma equipe do Cievs-PE foi acionada para fazer a coleta do material para an\u00e1lise, que positivou para Covid-19.<br \/>\n\u2800\u2800\u2800<br \/>\nAs confirma\u00e7\u00f5es s\u00e3o do Recife (64), Jaboat\u00e3o dos Guararapes (6), Olinda (5), S\u00e3o Louren\u00e7o da Mata (3), Camaragibe (2), Fernando de Noronha (2), Petrolina (2), Palmares (1), Belo Jardim (1), Caruaru (1), Ipubi (1), Goiana (1), Alian\u00e7a (1), al\u00e9m de casos de outros Estados (2) e outros pa\u00edses (3).<br \/>\n\u2800\u2800\u2800<br \/>\nRefor\u00e7amos, mais uma vez a import\u00e2ncia de ficar em casa. Redobre seus cuidados com a higiene, cumpra o isolamento social e siga as orienta\u00e7\u00f5es das autoridades sanit\u00e1rias e especialistas. S\u00f3 saia de casa se for extremamente necess\u00e1rio!<\/p>\n","protected":false},"excerpt":{"rendered":"<p>Foram confirmados, nesta quarta-feira (01\/04), mais 8 casos do Novo Coronav\u00edrus em Pernambuco, somando 95 confirma\u00e7\u00f5es at\u00e9 agora. A Secretaria&hellip;<\/p>\n","protected":false},"author":1,"featured_media":53539,"comment_status":"open","ping_status":"open","sticky":false,"template":"","format":"standard","meta":{"footnotes":""},"categories":[14120],"tags":[2,16881,17688],"class_list":["post-53538","post","type-post","status-publish","format-standard","has-post-thumbnail","hentry","category-noticias","tag-blog-do-edvaldo-magalhaes","tag-caruaru-e-regiao","tag-pernambuco-registra-mais-duas-mortes-por-coronavirus"],"_links":{"self":[{"href":"https:\/\/blogdoedvaldomagalhaes.com.br\/index.php\/wp-json\/wp\/v2\/posts\/53538","targetHints":{"allow":["GET"]}}],"collection":[{"href":"https:\/\/blogdoedvaldomagalhaes.com.br\/index.php\/wp-json\/wp\/v2\/posts"}],"about":[{"href":"https:\/\/blogdoedvaldomagalhaes.com.br\/index.php\/wp-json\/wp\/v2\/types\/post"}],"author":[{"embeddable":true,"href":"https:\/\/blogdoedvaldomagalhaes.com.br\/index.php\/wp-json\/wp\/v2\/users\/1"}],"replies":[{"embeddable":true,"href":"https:\/\/blogdoedvaldomagalhaes.com.br\/index.php\/wp-json\/wp\/v2\/comments?post=53538"}],"version-history":[{"count":2,"href":"https:\/\/blogdoedvaldomagalhaes.com.br\/index.php\/wp-json\/wp\/v2\/posts\/53538\/revisions"}],"predecessor-version":[{"id":53541,"href":"https:\/\/blogdoedvaldomagalhaes.com.br\/index.php\/wp-json\/wp\/v2\/posts\/53538\/revisions\/53541"}],"wp:featuredmedia":[{"embeddable":true,"href":"https:\/\/blogdoedvaldomagalhaes.com.br\/index.php\/wp-json\/wp\/v2\/media\/53539"}],"wp:attachment":[{"href":"https:\/\/blogdoedvaldomagalhaes.com.br\/index.php\/wp-json\/wp\/v2\/media?parent=53538"}],"wp:term":[{"taxonomy":"category","embeddable":true,"href":"https:\/\/blogdoedvaldomagalhaes.com.br\/index.php\/wp-json\/wp\/v2\/categories?post=53538"},{"taxonomy":"post_tag","embeddable":true,"href":"https:\/\/blogdoedvaldomagalhaes.com.br\/index.php\/wp-json\/wp\/v2\/tags?post=53538"}],"curies":[{"name":"wp","href":"https:\/\/api.w.org\/{rel}","templated":true}]}}