{"id":53533,"date":"2020-04-01T13:17:31","date_gmt":"2020-04-01T16:17:31","guid":{"rendered":"http:\/\/blogdoedvaldomagalhaes.com.br\/?p=53533"},"modified":"2020-04-01T13:17:38","modified_gmt":"2020-04-01T16:17:38","slug":"compesa-reduz-rodizio-de-abastecimento-de-agua-em-caruaru-confira-o-calendario-do-mes-de-abril","status":"publish","type":"post","link":"https:\/\/blogdoedvaldomagalhaes.com.br\/index.php\/2020\/04\/01\/compesa-reduz-rodizio-de-abastecimento-de-agua-em-caruaru-confira-o-calendario-do-mes-de-abril\/","title":{"rendered":"Compesa reduz rod\u00edzio de abastecimento de \u00e1gua em Caruaru; Confira o calend\u00e1rio do m\u00eas de abril"},"content":{"rendered":"<p style=\"text-align: justify;\">Os moradores de Caruaru, Agreste de Pernambuco, ter\u00e3o mais \u00e1gua nas torneiras a partir desta quarta-feira (01), com a entra em vigor da diminui\u00e7\u00e3o do rod\u00edzio na cidade. Agora, o ciclo de abastecimento ser\u00e1 de cinco dias com \u00e1gua e dez dias sem. Desde agosto do ano passado, a distribui\u00e7\u00e3o seguia o cronograma de cinco dias com \u00e1gua e 15 sem. Na zona rural, o regime de fornecimento seguir\u00e1 o calend\u00e1rio de dois dias com e 30 sem. Anteriormente, o abastecimento ocorria uma vez por m\u00eas.<\/p>\n<p style=\"text-align: justify;\">De acordo com a Compesa, a redu\u00e7\u00e3o foi poss\u00edvel gra\u00e7as ao aumento do volume acumulado na barragem de Tabocas, respons\u00e1vel pelo abastecimento de Santa Cruz do Capibaribe, que conseguiu acumular \u00e1gua nas \u00faltimas chuvas e est\u00e1 com 45% de sua capacidade total que \u00e9 de 13 milh\u00f5es de metros c\u00fabicos. Com isso, o Sistema Prata-Pirangi n\u00e3o est\u00e1 mais enviando \u00e1gua para refor\u00e7ar o abastecimento do munic\u00edpio, sendo poss\u00edvel ampliar a oferta para Caruaru.<\/p>\n<p style=\"text-align: justify;\"><a href=\"https:\/\/servicos.compesa.com.br\/calendario-de-abastecimento-da-compesa\/\"><strong>CONFIRA O CALEND\u00c1RIO<\/strong><\/a><\/p>\n","protected":false},"excerpt":{"rendered":"<p>Os moradores de Caruaru, Agreste de Pernambuco, ter\u00e3o mais \u00e1gua nas torneiras a partir desta quarta-feira (01), com a entra&hellip;<\/p>\n","protected":false},"author":1,"featured_media":53534,"comment_status":"open","ping_status":"open","sticky":false,"template":"","format":"standard","meta":{"footnotes":""},"categories":[14120],"tags":[2,16881,17687],"class_list":["post-53533","post","type-post","status-publish","format-standard","has-post-thumbnail","hentry","category-noticias","tag-blog-do-edvaldo-magalhaes","tag-caruaru-e-regiao","tag-compesa-reduz-rodizio-de-abastecimento-de-agua-em-caruaru-confira-o-calendario-do-mes-de-abril"],"_links":{"self":[{"href":"https:\/\/blogdoedvaldomagalhaes.com.br\/index.php\/wp-json\/wp\/v2\/posts\/53533","targetHints":{"allow":["GET"]}}],"collection":[{"href":"https:\/\/blogdoedvaldomagalhaes.com.br\/index.php\/wp-json\/wp\/v2\/posts"}],"about":[{"href":"https:\/\/blogdoedvaldomagalhaes.com.br\/index.php\/wp-json\/wp\/v2\/types\/post"}],"author":[{"embeddable":true,"href":"https:\/\/blogdoedvaldomagalhaes.com.br\/index.php\/wp-json\/wp\/v2\/users\/1"}],"replies":[{"embeddable":true,"href":"https:\/\/blogdoedvaldomagalhaes.com.br\/index.php\/wp-json\/wp\/v2\/comments?post=53533"}],"version-history":[{"count":1,"href":"https:\/\/blogdoedvaldomagalhaes.com.br\/index.php\/wp-json\/wp\/v2\/posts\/53533\/revisions"}],"predecessor-version":[{"id":53535,"href":"https:\/\/blogdoedvaldomagalhaes.com.br\/index.php\/wp-json\/wp\/v2\/posts\/53533\/revisions\/53535"}],"wp:featuredmedia":[{"embeddable":true,"href":"https:\/\/blogdoedvaldomagalhaes.com.br\/index.php\/wp-json\/wp\/v2\/media\/53534"}],"wp:attachment":[{"href":"https:\/\/blogdoedvaldomagalhaes.com.br\/index.php\/wp-json\/wp\/v2\/media?parent=53533"}],"wp:term":[{"taxonomy":"category","embeddable":true,"href":"https:\/\/blogdoedvaldomagalhaes.com.br\/index.php\/wp-json\/wp\/v2\/categories?post=53533"},{"taxonomy":"post_tag","embeddable":true,"href":"https:\/\/blogdoedvaldomagalhaes.com.br\/index.php\/wp-json\/wp\/v2\/tags?post=53533"}],"curies":[{"name":"wp","href":"https:\/\/api.w.org\/{rel}","templated":true}]}}