{"id":53521,"date":"2020-03-31T21:22:55","date_gmt":"2020-04-01T00:22:55","guid":{"rendered":"http:\/\/blogdoedvaldomagalhaes.com.br\/?p=53521"},"modified":"2020-03-31T23:59:05","modified_gmt":"2020-04-01T02:59:05","slug":"idosa-de-97-anos-esta-curada-do-coronavirus-em-pernambuco","status":"publish","type":"post","link":"https:\/\/blogdoedvaldomagalhaes.com.br\/index.php\/2020\/03\/31\/idosa-de-97-anos-esta-curada-do-coronavirus-em-pernambuco\/","title":{"rendered":"Idosa de 97 anos est\u00e1 curada do coronav\u00edrus em Pernambuco"},"content":{"rendered":"<p style=\"text-align: justify;\"><span style=\"font-size: inherit;\">A Secretaria Estadual de Sa\u00fade (SES-PE) confirmou, nesta ter\u00e7a-feira (31.03), mais 10 casos da Covid-19 em Pernambuco. Com a atualiza\u00e7\u00e3o, o Estado contabiliza 87 ocorr\u00eancias pelo novo coronav\u00edrus. N\u00e3o houve nenhuma nova morte confirmada nas \u00faltimas 24h, sendo 6 o n\u00famero de \u00f3bitos registrados at\u00e9 agora.<\/span><\/p>\n<p style=\"text-align: justify;\">De acordo com o boletim epidemiol\u00f3gico, dos 10 novos casos confirmados, 7 s\u00e3o do sexo masculino, com idades entre 30 e 69 anos; e 3 do sexo feminino, na faixa et\u00e1ria entre 30 e 70 anos. Dos pacientes, 6 s\u00e3o residentes do Recife, 2 de S\u00e3o Louren\u00e7o da Mata, 1 de Ipubi, no Sert\u00e3o do Araripe, al\u00e9m de 1 novo caso registrado em Fernando de Noronha. Este \u00e9 o 2\u00ba caso registrado na Ilha \u2013 contactante do 1\u00ba caso confirmado na \u00faltima sexta-feira (27.03).<\/p>\n<p style=\"text-align: justify;\">At\u00e9 agora, os casos est\u00e3o distribu\u00eddos por 11 munic\u00edpios (Recife, Jaboat\u00e3o dos Guararapes, Olinda, Camaragibe, S\u00e3o Louren\u00e7o da Mata, Palmares, Belo Jardim, Caruaru, Petrolina, Ipubi e Goiana), al\u00e9m do Arquip\u00e9lago de Fernando de Noronha e da ocorr\u00eancia de pacientes em outros Estados e pa\u00edses.<\/p>\n<p style=\"text-align: justify;\">No momento, 23 pacientes est\u00e3o internados, sendo 12 em UTI\/ UCI e 11 em leitos de isolamento. Outros 44 est\u00e3o em isolamento domiciliar e 14 j\u00e1 se recuperaram da Covid-19.<\/p>\n<p style=\"text-align: justify;\">Recuperados &#8211; Subiu para 14 a quantidade de pacientes considerados recuperados da doen\u00e7a. A paciente, que teve cura cl\u00ednica, \u00e9 do sexo feminino, tem 97 anos e reside no Recife.<\/p>\n<p style=\"text-align: justify;\">Arquip\u00e9lago \u2013 Na \u00faltima sexta-feira (27.03), foi confirmada a primeira ocorr\u00eancia no Arquip\u00e9lago Fernando de Noronha. Um homem de 48 anos, funcion\u00e1rio de uma empresa terceirizada, que permanece em isolamento domiciliar.<\/p>\n<p style=\"text-align: justify;\">Para evitar a propaga\u00e7\u00e3o do v\u00edrus, todos os contactantes do homem foram monitorados e colocados em quarentena, em quartos isolados e diferentes, al\u00e9m de serem testados. Apenas um deles testou positivo para a doen\u00e7a, e permanece em isolamento.<\/p>\n<p>Foto ilustrativa\/Reprodu\u00e7\u00e3o\/Internet.<\/p>\n","protected":false},"excerpt":{"rendered":"<p>A Secretaria Estadual de Sa\u00fade (SES-PE) confirmou, nesta ter\u00e7a-feira (31.03), mais 10 casos da Covid-19 em Pernambuco. Com a atualiza\u00e7\u00e3o,&hellip;<\/p>\n","protected":false},"author":1,"featured_media":53522,"comment_status":"open","ping_status":"open","sticky":false,"template":"","format":"standard","meta":{"footnotes":""},"categories":[14120],"tags":[16881],"class_list":["post-53521","post","type-post","status-publish","format-standard","has-post-thumbnail","hentry","category-noticias","tag-caruaru-e-regiao"],"_links":{"self":[{"href":"https:\/\/blogdoedvaldomagalhaes.com.br\/index.php\/wp-json\/wp\/v2\/posts\/53521","targetHints":{"allow":["GET"]}}],"collection":[{"href":"https:\/\/blogdoedvaldomagalhaes.com.br\/index.php\/wp-json\/wp\/v2\/posts"}],"about":[{"href":"https:\/\/blogdoedvaldomagalhaes.com.br\/index.php\/wp-json\/wp\/v2\/types\/post"}],"author":[{"embeddable":true,"href":"https:\/\/blogdoedvaldomagalhaes.com.br\/index.php\/wp-json\/wp\/v2\/users\/1"}],"replies":[{"embeddable":true,"href":"https:\/\/blogdoedvaldomagalhaes.com.br\/index.php\/wp-json\/wp\/v2\/comments?post=53521"}],"version-history":[{"count":1,"href":"https:\/\/blogdoedvaldomagalhaes.com.br\/index.php\/wp-json\/wp\/v2\/posts\/53521\/revisions"}],"predecessor-version":[{"id":53523,"href":"https:\/\/blogdoedvaldomagalhaes.com.br\/index.php\/wp-json\/wp\/v2\/posts\/53521\/revisions\/53523"}],"wp:featuredmedia":[{"embeddable":true,"href":"https:\/\/blogdoedvaldomagalhaes.com.br\/index.php\/wp-json\/wp\/v2\/media\/53522"}],"wp:attachment":[{"href":"https:\/\/blogdoedvaldomagalhaes.com.br\/index.php\/wp-json\/wp\/v2\/media?parent=53521"}],"wp:term":[{"taxonomy":"category","embeddable":true,"href":"https:\/\/blogdoedvaldomagalhaes.com.br\/index.php\/wp-json\/wp\/v2\/categories?post=53521"},{"taxonomy":"post_tag","embeddable":true,"href":"https:\/\/blogdoedvaldomagalhaes.com.br\/index.php\/wp-json\/wp\/v2\/tags?post=53521"}],"curies":[{"name":"wp","href":"https:\/\/api.w.org\/{rel}","templated":true}]}}