{"id":53517,"date":"2020-03-31T20:41:02","date_gmt":"2020-03-31T23:41:02","guid":{"rendered":"http:\/\/blogdoedvaldomagalhaes.com.br\/?p=53517"},"modified":"2020-04-01T00:00:05","modified_gmt":"2020-04-01T03:00:05","slug":"brasil-tem-201-mortes-por-coronavirus-e-quase-6-mil-casos-confirmados","status":"publish","type":"post","link":"https:\/\/blogdoedvaldomagalhaes.com.br\/index.php\/2020\/03\/31\/brasil-tem-201-mortes-por-coronavirus-e-quase-6-mil-casos-confirmados\/","title":{"rendered":"Brasil tem 201 mortes por coronav\u00edrus e quase 6 mil casos confirmados"},"content":{"rendered":"<div class=\"content-header-options-1 row-fluid\">\n<div class=\"btns-social-like span5\"><em style=\"font-size: inherit; text-align: justify;\">Todos os estados registraram casos e 18 t\u00eam \u00f3bitos: AM, RO, AL, BA, CE, MA, PE, PI, RN, MG, RJ, SP, DF, GO, MS, PR, RS e SC<\/em><\/div>\n<\/div>\n<p style=\"text-align: justify;\">Subiu para 5.717 o n\u00famero de casos confirmados de coronav\u00edrus no Brasil. Foram 1.138 novas confirma\u00e7\u00f5es em 24 horas. O n\u00famero de \u00f3bitos tamb\u00e9m aumentou, agora s\u00e3o 201. A maior parte est\u00e1 em S\u00e3o Paulo, que concentra 136 mortes e lidera a lista nacional com 2.339 casos confirmados da doen\u00e7a. Os n\u00fameros est\u00e3o consolidados com as informa\u00e7\u00f5es que foram repassadas pelas Secretarias Estaduais de Sa\u00fade ao Minist\u00e9rio da Sa\u00fade at\u00e9 as 15h desta ter\u00e7a-feira (31).<\/p>\n<p style=\"text-align: justify;\"><span style=\"font-size: inherit;\">As mortes est\u00e3o localizadas nos estados do Amazonas (3), Rond\u00f4nia (1), Alagoas (1), Bahia (2), Cear\u00e1 (7), Maranh\u00e3o (1), Pernambuco (6), Piau\u00ed (4), Rio Grande do Norte (1), Minas Gerais (2), Rio de Janeiro (23), S\u00e3o Paulo (136), Distrito Federal (3), Goi\u00e1s (1), Mato Grosso do Sul (1), Paran\u00e1 (3), Rio Grande do Sul (4) e Santa Catarina (2). Agora, todas as regi\u00f5es brasileiras t\u00eam casos de mortes confirmadas por coronav\u00edrus.<\/span><\/p>\n<p style=\"text-align: justify;\">Apenas os estados do Acre, Amap\u00e1, Par\u00e1, Roraima, Tocantins, Para\u00edba, Sergipe, Esp\u00edrito Santo e Mato Grosso n\u00e3o t\u00eam, at\u00e9 o momento, mortes confirmadas pela doen\u00e7a, mas tamb\u00e9m registram casos confirmados, assim como todos os demais estados brasileiros.<\/p>\n","protected":false},"excerpt":{"rendered":"<p>Todos os estados registraram casos e 18 t\u00eam \u00f3bitos: AM, RO, AL, BA, CE, MA, PE, PI, RN, MG, RJ,&hellip;<\/p>\n","protected":false},"author":1,"featured_media":53520,"comment_status":"open","ping_status":"open","sticky":false,"template":"","format":"standard","meta":{"footnotes":""},"categories":[14120],"tags":[2,17684,16881],"class_list":["post-53517","post","type-post","status-publish","format-standard","has-post-thumbnail","hentry","category-noticias","tag-blog-do-edvaldo-magalhaes","tag-brasil-tem-201-mortes-por-coronavirus-e-quase-6-mil-casos-confirmados","tag-caruaru-e-regiao"],"_links":{"self":[{"href":"https:\/\/blogdoedvaldomagalhaes.com.br\/index.php\/wp-json\/wp\/v2\/posts\/53517","targetHints":{"allow":["GET"]}}],"collection":[{"href":"https:\/\/blogdoedvaldomagalhaes.com.br\/index.php\/wp-json\/wp\/v2\/posts"}],"about":[{"href":"https:\/\/blogdoedvaldomagalhaes.com.br\/index.php\/wp-json\/wp\/v2\/types\/post"}],"author":[{"embeddable":true,"href":"https:\/\/blogdoedvaldomagalhaes.com.br\/index.php\/wp-json\/wp\/v2\/users\/1"}],"replies":[{"embeddable":true,"href":"https:\/\/blogdoedvaldomagalhaes.com.br\/index.php\/wp-json\/wp\/v2\/comments?post=53517"}],"version-history":[{"count":1,"href":"https:\/\/blogdoedvaldomagalhaes.com.br\/index.php\/wp-json\/wp\/v2\/posts\/53517\/revisions"}],"predecessor-version":[{"id":53519,"href":"https:\/\/blogdoedvaldomagalhaes.com.br\/index.php\/wp-json\/wp\/v2\/posts\/53517\/revisions\/53519"}],"wp:featuredmedia":[{"embeddable":true,"href":"https:\/\/blogdoedvaldomagalhaes.com.br\/index.php\/wp-json\/wp\/v2\/media\/53520"}],"wp:attachment":[{"href":"https:\/\/blogdoedvaldomagalhaes.com.br\/index.php\/wp-json\/wp\/v2\/media?parent=53517"}],"wp:term":[{"taxonomy":"category","embeddable":true,"href":"https:\/\/blogdoedvaldomagalhaes.com.br\/index.php\/wp-json\/wp\/v2\/categories?post=53517"},{"taxonomy":"post_tag","embeddable":true,"href":"https:\/\/blogdoedvaldomagalhaes.com.br\/index.php\/wp-json\/wp\/v2\/tags?post=53517"}],"curies":[{"name":"wp","href":"https:\/\/api.w.org\/{rel}","templated":true}]}}