{"id":53508,"date":"2020-03-31T18:35:07","date_gmt":"2020-03-31T21:35:07","guid":{"rendered":"http:\/\/blogdoedvaldomagalhaes.com.br\/?p=53508"},"modified":"2020-03-31T19:10:02","modified_gmt":"2020-03-31T22:10:02","slug":"segundo-homicidio-em-caruaru-nesta-terca-feira-31-ocorreu-na-zona-rural","status":"publish","type":"post","link":"https:\/\/blogdoedvaldomagalhaes.com.br\/index.php\/2020\/03\/31\/segundo-homicidio-em-caruaru-nesta-terca-feira-31-ocorreu-na-zona-rural\/","title":{"rendered":"Segundo homic\u00eddio em Caruaru nesta ter\u00e7a-feira (31) ocorreu na zona rural"},"content":{"rendered":"<p style=\"text-align: justify;\">O segundo homic\u00eddio em Caruaru, foi registrado na tarde desta ter\u00e7a-feira (31), em uma estrada vicinal do s\u00edtio Capim, na zona rural. O ex-presidi\u00e1rio Gilberto Pedro Bezerra da Silva, 27 anos, que morava no bairro Boa Vista, em Caruaru.<\/p>\n<p style=\"text-align: justify;\">Policiais Militares fizeram isolamento do local do crime. Ap\u00f3s per\u00edcia, o corpo foi encaminhado para o Instituto de Medicina Legal (IML) de Caruaru.<\/p>\n<p style=\"text-align: justify;\">Com este homic\u00eddio, sobe para 12 o n\u00famero de pessoas assassinadas em Caruaru no m\u00eas de mar\u00e7o. De janeiro at\u00e9 agora s\u00e3o 35 assassinatos no munic\u00edpio.<\/p>\n\n\n<figure class=\"wp-block-image size-large\"><img loading=\"lazy\" decoding=\"async\" width=\"681\" height=\"681\" src=\"http:\/\/blogdoedvaldomagalhaes.com.br\/wp-content\/uploads\/2020\/03\/FB_IMG_1585691945992.jpg\" alt=\"\" class=\"wp-image-53512\" srcset=\"https:\/\/blogdoedvaldomagalhaes.com.br\/wp-content\/uploads\/2020\/03\/FB_IMG_1585691945992.jpg 681w, https:\/\/blogdoedvaldomagalhaes.com.br\/wp-content\/uploads\/2020\/03\/FB_IMG_1585691945992-300x300.jpg 300w, https:\/\/blogdoedvaldomagalhaes.com.br\/wp-content\/uploads\/2020\/03\/FB_IMG_1585691945992-150x150.jpg 150w\" sizes=\"auto, (max-width: 681px) 100vw, 681px\" \/><figcaption>Gilberto Pedro Bezerra da Silva<\/figcaption><\/figure>\n","protected":false},"excerpt":{"rendered":"<p>O segundo homic\u00eddio em Caruaru, foi registrado na tarde desta ter\u00e7a-feira (31), em uma estrada vicinal do s\u00edtio Capim, na&hellip;<\/p>\n","protected":false},"author":1,"featured_media":53509,"comment_status":"open","ping_status":"open","sticky":false,"template":"","format":"standard","meta":{"footnotes":""},"categories":[14121],"tags":[16881,17683],"class_list":["post-53508","post","type-post","status-publish","format-standard","has-post-thumbnail","hentry","category-policial","tag-caruaru-e-regiao","tag-segundo-homicidio-em-caruaru-nesta-terca-feira-31-ocorreu-na-zona-rural"],"_links":{"self":[{"href":"https:\/\/blogdoedvaldomagalhaes.com.br\/index.php\/wp-json\/wp\/v2\/posts\/53508","targetHints":{"allow":["GET"]}}],"collection":[{"href":"https:\/\/blogdoedvaldomagalhaes.com.br\/index.php\/wp-json\/wp\/v2\/posts"}],"about":[{"href":"https:\/\/blogdoedvaldomagalhaes.com.br\/index.php\/wp-json\/wp\/v2\/types\/post"}],"author":[{"embeddable":true,"href":"https:\/\/blogdoedvaldomagalhaes.com.br\/index.php\/wp-json\/wp\/v2\/users\/1"}],"replies":[{"embeddable":true,"href":"https:\/\/blogdoedvaldomagalhaes.com.br\/index.php\/wp-json\/wp\/v2\/comments?post=53508"}],"version-history":[{"count":4,"href":"https:\/\/blogdoedvaldomagalhaes.com.br\/index.php\/wp-json\/wp\/v2\/posts\/53508\/revisions"}],"predecessor-version":[{"id":53516,"href":"https:\/\/blogdoedvaldomagalhaes.com.br\/index.php\/wp-json\/wp\/v2\/posts\/53508\/revisions\/53516"}],"wp:featuredmedia":[{"embeddable":true,"href":"https:\/\/blogdoedvaldomagalhaes.com.br\/index.php\/wp-json\/wp\/v2\/media\/53509"}],"wp:attachment":[{"href":"https:\/\/blogdoedvaldomagalhaes.com.br\/index.php\/wp-json\/wp\/v2\/media?parent=53508"}],"wp:term":[{"taxonomy":"category","embeddable":true,"href":"https:\/\/blogdoedvaldomagalhaes.com.br\/index.php\/wp-json\/wp\/v2\/categories?post=53508"},{"taxonomy":"post_tag","embeddable":true,"href":"https:\/\/blogdoedvaldomagalhaes.com.br\/index.php\/wp-json\/wp\/v2\/tags?post=53508"}],"curies":[{"name":"wp","href":"https:\/\/api.w.org\/{rel}","templated":true}]}}