{"id":53503,"date":"2020-03-31T17:51:52","date_gmt":"2020-03-31T20:51:52","guid":{"rendered":"http:\/\/blogdoedvaldomagalhaes.com.br\/?p=53503"},"modified":"2020-03-31T19:07:34","modified_gmt":"2020-03-31T22:07:34","slug":"homem-e-morto-e-mulher-baleada-em-caruaru-nesta-terca-feira-31","status":"publish","type":"post","link":"https:\/\/blogdoedvaldomagalhaes.com.br\/index.php\/2020\/03\/31\/homem-e-morto-e-mulher-baleada-em-caruaru-nesta-terca-feira-31\/","title":{"rendered":"Homem \u00e9 morto e mulher baleada em Caruaru nesta ter\u00e7a-feira (31)"},"content":{"rendered":"<div style=\"text-align: justify;\">O fato foi registrado na tarde desta ter\u00e7a-feira (31), na rua Frei Ricardo Pilar,\u00a0 bairro Caiuc\u00e1, em Caruaru. Wedson Jos\u00e9 Santos Silva, de 25 anos,\u00a0 estava na pr\u00f3pria resid\u00eancia quando foi surpreendido por indiv\u00edduos armados, que chegaram em um ve\u00edculo, e atiraram v\u00e1rias vezes tirando a vida do homem. A esposa dele\u00a0 foi alvejada por um disparo na perna, e foi socorrida para o Hospital Regional do Agreste (HRA). Sheila Patr\u00edcia de Cabral, de 36 anos, n\u00e3o corre risco de morrer pelos ferimentos. O corpo de Wedson Jos\u00e9 foi encaminhado para o IML de Caruaru.<\/div>\n<div>\n<p style=\"text-align: justify;\">Equipes da Policia Militar foram acionadas para o local do crime, onde realizam o isolamento e as primeiras buscas pelos algozes. A Delegacia de Homic\u00eddios, ir\u00e1 investigar o crime.<\/p>\n<p style=\"text-align: justify;\">Este foi o 11\u00ba homic\u00eddio no m\u00eas de mar\u00e7o, e o 34\u00b0 no ano de 2020, em Caruaru.<\/p>\n<\/div>\n","protected":false},"excerpt":{"rendered":"<p>O fato foi registrado na tarde desta ter\u00e7a-feira (31), na rua Frei Ricardo Pilar,\u00a0 bairro Caiuc\u00e1, em Caruaru. Wedson Jos\u00e9&hellip;<\/p>\n","protected":false},"author":1,"featured_media":53504,"comment_status":"open","ping_status":"open","sticky":false,"template":"","format":"standard","meta":{"footnotes":""},"categories":[14121],"tags":[2,16881,17682],"class_list":["post-53503","post","type-post","status-publish","format-standard","has-post-thumbnail","hentry","category-policial","tag-blog-do-edvaldo-magalhaes","tag-caruaru-e-regiao","tag-homem-e-morto-e-mulher-baleada-em-caruaru-nesta-terca-feira-31"],"_links":{"self":[{"href":"https:\/\/blogdoedvaldomagalhaes.com.br\/index.php\/wp-json\/wp\/v2\/posts\/53503","targetHints":{"allow":["GET"]}}],"collection":[{"href":"https:\/\/blogdoedvaldomagalhaes.com.br\/index.php\/wp-json\/wp\/v2\/posts"}],"about":[{"href":"https:\/\/blogdoedvaldomagalhaes.com.br\/index.php\/wp-json\/wp\/v2\/types\/post"}],"author":[{"embeddable":true,"href":"https:\/\/blogdoedvaldomagalhaes.com.br\/index.php\/wp-json\/wp\/v2\/users\/1"}],"replies":[{"embeddable":true,"href":"https:\/\/blogdoedvaldomagalhaes.com.br\/index.php\/wp-json\/wp\/v2\/comments?post=53503"}],"version-history":[{"count":4,"href":"https:\/\/blogdoedvaldomagalhaes.com.br\/index.php\/wp-json\/wp\/v2\/posts\/53503\/revisions"}],"predecessor-version":[{"id":53515,"href":"https:\/\/blogdoedvaldomagalhaes.com.br\/index.php\/wp-json\/wp\/v2\/posts\/53503\/revisions\/53515"}],"wp:featuredmedia":[{"embeddable":true,"href":"https:\/\/blogdoedvaldomagalhaes.com.br\/index.php\/wp-json\/wp\/v2\/media\/53504"}],"wp:attachment":[{"href":"https:\/\/blogdoedvaldomagalhaes.com.br\/index.php\/wp-json\/wp\/v2\/media?parent=53503"}],"wp:term":[{"taxonomy":"category","embeddable":true,"href":"https:\/\/blogdoedvaldomagalhaes.com.br\/index.php\/wp-json\/wp\/v2\/categories?post=53503"},{"taxonomy":"post_tag","embeddable":true,"href":"https:\/\/blogdoedvaldomagalhaes.com.br\/index.php\/wp-json\/wp\/v2\/tags?post=53503"}],"curies":[{"name":"wp","href":"https:\/\/api.w.org\/{rel}","templated":true}]}}