{"id":53493,"date":"2020-03-31T13:53:56","date_gmt":"2020-03-31T16:53:56","guid":{"rendered":"http:\/\/blogdoedvaldomagalhaes.com.br\/?p=53493"},"modified":"2020-03-31T13:53:59","modified_gmt":"2020-03-31T16:53:59","slug":"pm-fecha-fabrica-clandestina-de-alcool-em-gel-em-pernambuco","status":"publish","type":"post","link":"https:\/\/blogdoedvaldomagalhaes.com.br\/index.php\/2020\/03\/31\/pm-fecha-fabrica-clandestina-de-alcool-em-gel-em-pernambuco\/","title":{"rendered":"PM fecha f\u00e1brica clandestina de \u00e1lcool em gel em Pernambuco"},"content":{"rendered":"<p style=\"text-align: justify;\"><span style=\"font-size: inherit;\">Nesta manh\u00e3 (31) policiais militares do 17\u00ba Batalh\u00e3o seguiram em apoio a Vigil\u00e2ncia Sanit\u00e1ria da cidade do Paulista, para averiguar uma den\u00fancia de funcionamento de uma f\u00e1brica clandestina de \u00e1lcool em gel.<\/span><\/p>\n<p style=\"text-align: justify;\">Chegando ao local os policiais constataram o fato e apreenderam 1.872 garrafas contendo 1litro de \u00e1lcool 70%, em estado l\u00edquido; 246 recipientes de \u00e1lcool em gel de 5 litros; tr\u00eas tambores de 200 litros de \u00e1lcool 70%; um tambor de mil litros contendo \u00e1lcool l\u00edquido 96% de teor; aproximadamente mil recipientes de 1 litro, vazios; cinco caixas de \u00e1lcool gel (aproximadamente 15 litros); 1,5 litros de ess\u00eancia de erva doce; 1,4 kg de ess\u00eancia de c\u00e2nfora; oito sacos de 25 Kg do produto HPMC 65,000, utilizado para a produ\u00e7\u00e3o do material<\/p>\n<p style=\"text-align: justify;\">Nove pessoas foram abordadas e conduzidas para a Delegacia de Plant\u00e3o de Paulista, para serem tomadas as medidas legais cab\u00edveis. Tamb\u00e9m participaram da a\u00e7\u00e3o o Procon Paulista, Corpo de Bombeiros e Secretaria de Urbaniza\u00e7\u00e3o.<\/p>\n\n\n<figure class=\"wp-block-image size-large\"><img loading=\"lazy\" decoding=\"async\" width=\"770\" height=\"1024\" src=\"http:\/\/blogdoedvaldomagalhaes.com.br\/wp-content\/uploads\/2020\/03\/IMG-20200331-WA0212-770x1024.jpg\" alt=\"\" class=\"wp-image-53495\" srcset=\"https:\/\/blogdoedvaldomagalhaes.com.br\/wp-content\/uploads\/2020\/03\/IMG-20200331-WA0212-770x1024.jpg 770w, https:\/\/blogdoedvaldomagalhaes.com.br\/wp-content\/uploads\/2020\/03\/IMG-20200331-WA0212-226x300.jpg 226w, https:\/\/blogdoedvaldomagalhaes.com.br\/wp-content\/uploads\/2020\/03\/IMG-20200331-WA0212-768x1022.jpg 768w, https:\/\/blogdoedvaldomagalhaes.com.br\/wp-content\/uploads\/2020\/03\/IMG-20200331-WA0212.jpg 872w\" sizes=\"auto, (max-width: 770px) 100vw, 770px\" \/><\/figure>\n\n\n\n<figure class=\"wp-block-image size-large\"><img loading=\"lazy\" decoding=\"async\" width=\"770\" height=\"1024\" src=\"http:\/\/blogdoedvaldomagalhaes.com.br\/wp-content\/uploads\/2020\/03\/IMG-20200331-WA0213-770x1024.jpg\" alt=\"\" class=\"wp-image-53496\" srcset=\"https:\/\/blogdoedvaldomagalhaes.com.br\/wp-content\/uploads\/2020\/03\/IMG-20200331-WA0213-770x1024.jpg 770w, https:\/\/blogdoedvaldomagalhaes.com.br\/wp-content\/uploads\/2020\/03\/IMG-20200331-WA0213-226x300.jpg 226w, https:\/\/blogdoedvaldomagalhaes.com.br\/wp-content\/uploads\/2020\/03\/IMG-20200331-WA0213-768x1022.jpg 768w, https:\/\/blogdoedvaldomagalhaes.com.br\/wp-content\/uploads\/2020\/03\/IMG-20200331-WA0213.jpg 872w\" sizes=\"auto, (max-width: 770px) 100vw, 770px\" \/><\/figure>\n\n\n\n<figure class=\"wp-block-image size-large\"><img loading=\"lazy\" decoding=\"async\" width=\"770\" height=\"1024\" src=\"http:\/\/blogdoedvaldomagalhaes.com.br\/wp-content\/uploads\/2020\/03\/IMG-20200331-WA0217-770x1024.jpg\" alt=\"\" class=\"wp-image-53497\" srcset=\"https:\/\/blogdoedvaldomagalhaes.com.br\/wp-content\/uploads\/2020\/03\/IMG-20200331-WA0217-770x1024.jpg 770w, https:\/\/blogdoedvaldomagalhaes.com.br\/wp-content\/uploads\/2020\/03\/IMG-20200331-WA0217-226x300.jpg 226w, https:\/\/blogdoedvaldomagalhaes.com.br\/wp-content\/uploads\/2020\/03\/IMG-20200331-WA0217-768x1022.jpg 768w, https:\/\/blogdoedvaldomagalhaes.com.br\/wp-content\/uploads\/2020\/03\/IMG-20200331-WA0217.jpg 872w\" sizes=\"auto, (max-width: 770px) 100vw, 770px\" \/><\/figure>\n\n\n\n<figure class=\"wp-block-image size-large\"><img loading=\"lazy\" decoding=\"async\" width=\"1024\" height=\"577\" src=\"http:\/\/blogdoedvaldomagalhaes.com.br\/wp-content\/uploads\/2020\/03\/IMG-20200331-WA0214-1024x577.jpg\" alt=\"\" class=\"wp-image-53498\" srcset=\"https:\/\/blogdoedvaldomagalhaes.com.br\/wp-content\/uploads\/2020\/03\/IMG-20200331-WA0214-1024x577.jpg 1024w, https:\/\/blogdoedvaldomagalhaes.com.br\/wp-content\/uploads\/2020\/03\/IMG-20200331-WA0214-300x169.jpg 300w, https:\/\/blogdoedvaldomagalhaes.com.br\/wp-content\/uploads\/2020\/03\/IMG-20200331-WA0214-768x433.jpg 768w, https:\/\/blogdoedvaldomagalhaes.com.br\/wp-content\/uploads\/2020\/03\/IMG-20200331-WA0214-1140x641.jpg 1140w, https:\/\/blogdoedvaldomagalhaes.com.br\/wp-content\/uploads\/2020\/03\/IMG-20200331-WA0214-720x405.jpg 720w, https:\/\/blogdoedvaldomagalhaes.com.br\/wp-content\/uploads\/2020\/03\/IMG-20200331-WA0214.jpg 1280w\" sizes=\"auto, (max-width: 1024px) 100vw, 1024px\" \/><\/figure>\n\n\n\n<figure class=\"wp-block-image size-large\"><img loading=\"lazy\" decoding=\"async\" width=\"577\" height=\"1024\" src=\"http:\/\/blogdoedvaldomagalhaes.com.br\/wp-content\/uploads\/2020\/03\/IMG-20200331-WA0216-577x1024.jpg\" alt=\"\" class=\"wp-image-53499\" srcset=\"https:\/\/blogdoedvaldomagalhaes.com.br\/wp-content\/uploads\/2020\/03\/IMG-20200331-WA0216-577x1024.jpg 577w, https:\/\/blogdoedvaldomagalhaes.com.br\/wp-content\/uploads\/2020\/03\/IMG-20200331-WA0216-169x300.jpg 169w, https:\/\/blogdoedvaldomagalhaes.com.br\/wp-content\/uploads\/2020\/03\/IMG-20200331-WA0216.jpg 721w\" sizes=\"auto, (max-width: 577px) 100vw, 577px\" \/><figcaption>Fotos: PMPE\/Divulga\u00e7\u00e3o<\/figcaption><\/figure>\n","protected":false},"excerpt":{"rendered":"<p>Nesta manh\u00e3 (31) policiais militares do 17\u00ba Batalh\u00e3o seguiram em apoio a Vigil\u00e2ncia Sanit\u00e1ria da cidade do Paulista, para averiguar&hellip;<\/p>\n","protected":false},"author":1,"featured_media":53494,"comment_status":"open","ping_status":"open","sticky":false,"template":"","format":"standard","meta":{"footnotes":""},"categories":[14121],"tags":[2,16881,17681],"class_list":["post-53493","post","type-post","status-publish","format-standard","has-post-thumbnail","hentry","category-policial","tag-blog-do-edvaldo-magalhaes","tag-caruaru-e-regiao","tag-pm-fecha-fabrica-clandestina-de-alcool-em-gel-em-pernambuco"],"_links":{"self":[{"href":"https:\/\/blogdoedvaldomagalhaes.com.br\/index.php\/wp-json\/wp\/v2\/posts\/53493","targetHints":{"allow":["GET"]}}],"collection":[{"href":"https:\/\/blogdoedvaldomagalhaes.com.br\/index.php\/wp-json\/wp\/v2\/posts"}],"about":[{"href":"https:\/\/blogdoedvaldomagalhaes.com.br\/index.php\/wp-json\/wp\/v2\/types\/post"}],"author":[{"embeddable":true,"href":"https:\/\/blogdoedvaldomagalhaes.com.br\/index.php\/wp-json\/wp\/v2\/users\/1"}],"replies":[{"embeddable":true,"href":"https:\/\/blogdoedvaldomagalhaes.com.br\/index.php\/wp-json\/wp\/v2\/comments?post=53493"}],"version-history":[{"count":1,"href":"https:\/\/blogdoedvaldomagalhaes.com.br\/index.php\/wp-json\/wp\/v2\/posts\/53493\/revisions"}],"predecessor-version":[{"id":53500,"href":"https:\/\/blogdoedvaldomagalhaes.com.br\/index.php\/wp-json\/wp\/v2\/posts\/53493\/revisions\/53500"}],"wp:featuredmedia":[{"embeddable":true,"href":"https:\/\/blogdoedvaldomagalhaes.com.br\/index.php\/wp-json\/wp\/v2\/media\/53494"}],"wp:attachment":[{"href":"https:\/\/blogdoedvaldomagalhaes.com.br\/index.php\/wp-json\/wp\/v2\/media?parent=53493"}],"wp:term":[{"taxonomy":"category","embeddable":true,"href":"https:\/\/blogdoedvaldomagalhaes.com.br\/index.php\/wp-json\/wp\/v2\/categories?post=53493"},{"taxonomy":"post_tag","embeddable":true,"href":"https:\/\/blogdoedvaldomagalhaes.com.br\/index.php\/wp-json\/wp\/v2\/tags?post=53493"}],"curies":[{"name":"wp","href":"https:\/\/api.w.org\/{rel}","templated":true}]}}