{"id":53483,"date":"2020-03-31T12:14:16","date_gmt":"2020-03-31T15:14:16","guid":{"rendered":"http:\/\/blogdoedvaldomagalhaes.com.br\/?p=53483"},"modified":"2020-03-31T12:14:20","modified_gmt":"2020-03-31T15:14:20","slug":"toritama-abre-hospital-de-campanha-para-enfrentar-o-coronavirus","status":"publish","type":"post","link":"https:\/\/blogdoedvaldomagalhaes.com.br\/index.php\/2020\/03\/31\/toritama-abre-hospital-de-campanha-para-enfrentar-o-coronavirus\/","title":{"rendered":"Toritama abre Hospital de Campanha para enfrentar o coronav\u00edrus"},"content":{"rendered":"<p style=\"text-align: justify;\"><span style=\"font-size: inherit;\">A Prefeitura de Toritama abrir\u00e1 um Hospital de Campanha nesta quarta-feira (01) para acolher ou dar suporte aos pacientes do munic\u00edpio suspeitos ou infectados pelo COVID-19.<\/span><\/p>\n<p style=\"text-align: justify;\">Durante este fim de semana, o pr\u00e9dio da Escola Jos\u00e9 Jota de Ara\u00fajo, onde ser\u00e1 montado o Hospital recebeu v\u00e1rios equipamentos, como camas e poltronas, o espa\u00e7o ter\u00e1 um total de 40 leitos. Na abertura do hospital tempor\u00e1rio, o munic\u00edpio tamb\u00e9m entregar\u00e1 mais 05 ambul\u00e2ncias, ampliando o apoio ao transporte dos pacientes.<\/p>\n<p style=\"text-align: justify;\">A Prefeitura de Toritama tomou provid\u00eancias contra o avan\u00e7o da doen\u00e7a, desde o dia 02 de mar\u00e7o de 2020. A partir de ent\u00e3o, a Prefeitura vem adotando medidas, documentais, como a publica\u00e7\u00e3o de decretos, e pr\u00e1ticas, com uma campanha educativa sobre as formas de preven\u00e7\u00e3o, cont\u00e1gio e higiene. Os servidores municipais tamb\u00e9m receberam treinamentos e kits de higiene e m\u00e1scaras. Nas escolas, os estudantes tiveram aulas espec\u00edficas sobre a doen\u00e7a, e os pais orienta\u00e7\u00f5es, antes da suspens\u00e3o das aulas.<\/p>\n<p style=\"text-align: justify;\">Diariamente a Secretaria de Sa\u00fade evolui as a\u00e7\u00f5es de enfrentamento a doen\u00e7a, monitora e dar assist\u00eancia aos pacientes suspeitos, inclusive promovendo campanha de vacina\u00e7\u00e3o contra a gripe aos idosos e acamados em seus lares. Enquanto isso, a Secretaria de Assist\u00eancia Social apoia as fam\u00edlias, haja vista a paraliza\u00e7\u00e3o das atividades econ\u00f4micas e de trabalho, distribuindo cestas b\u00e1sicas em domic\u00edlio aos cadastrados tamb\u00e9m iniciamos uma nova frente de cadastramento para o fornecimento tempor\u00e1rio de alimentos. At\u00e9 o fechamento desta mat\u00e9ria, o munic\u00edpio n\u00e3o registrou nenhum caso.<\/p>\n\n\n<figure class=\"wp-block-image size-large\"><img loading=\"lazy\" decoding=\"async\" width=\"1024\" height=\"577\" src=\"http:\/\/blogdoedvaldomagalhaes.com.br\/wp-content\/uploads\/2020\/03\/IMG-20200331-WA0139.jpg\" alt=\"\" class=\"wp-image-53485\" srcset=\"https:\/\/blogdoedvaldomagalhaes.com.br\/wp-content\/uploads\/2020\/03\/IMG-20200331-WA0139.jpg 1024w, https:\/\/blogdoedvaldomagalhaes.com.br\/wp-content\/uploads\/2020\/03\/IMG-20200331-WA0139-300x169.jpg 300w, https:\/\/blogdoedvaldomagalhaes.com.br\/wp-content\/uploads\/2020\/03\/IMG-20200331-WA0139-768x433.jpg 768w, https:\/\/blogdoedvaldomagalhaes.com.br\/wp-content\/uploads\/2020\/03\/IMG-20200331-WA0139-720x405.jpg 720w\" sizes=\"auto, (max-width: 1024px) 100vw, 1024px\" \/><\/figure>\n\n\n\n<figure class=\"wp-block-image size-large\"><img loading=\"lazy\" decoding=\"async\" width=\"1024\" height=\"577\" src=\"http:\/\/blogdoedvaldomagalhaes.com.br\/wp-content\/uploads\/2020\/03\/IMG-20200331-WA0138.jpg\" alt=\"\" class=\"wp-image-53486\" srcset=\"https:\/\/blogdoedvaldomagalhaes.com.br\/wp-content\/uploads\/2020\/03\/IMG-20200331-WA0138.jpg 1024w, https:\/\/blogdoedvaldomagalhaes.com.br\/wp-content\/uploads\/2020\/03\/IMG-20200331-WA0138-300x169.jpg 300w, https:\/\/blogdoedvaldomagalhaes.com.br\/wp-content\/uploads\/2020\/03\/IMG-20200331-WA0138-768x433.jpg 768w, https:\/\/blogdoedvaldomagalhaes.com.br\/wp-content\/uploads\/2020\/03\/IMG-20200331-WA0138-720x405.jpg 720w\" sizes=\"auto, (max-width: 1024px) 100vw, 1024px\" \/><\/figure>\n\n\n\n<figure class=\"wp-block-image size-large\"><img loading=\"lazy\" decoding=\"async\" width=\"1024\" height=\"577\" src=\"http:\/\/blogdoedvaldomagalhaes.com.br\/wp-content\/uploads\/2020\/03\/IMG-20200331-WA0136.jpg\" alt=\"\" class=\"wp-image-53487\" srcset=\"https:\/\/blogdoedvaldomagalhaes.com.br\/wp-content\/uploads\/2020\/03\/IMG-20200331-WA0136.jpg 1024w, https:\/\/blogdoedvaldomagalhaes.com.br\/wp-content\/uploads\/2020\/03\/IMG-20200331-WA0136-300x169.jpg 300w, https:\/\/blogdoedvaldomagalhaes.com.br\/wp-content\/uploads\/2020\/03\/IMG-20200331-WA0136-768x433.jpg 768w, https:\/\/blogdoedvaldomagalhaes.com.br\/wp-content\/uploads\/2020\/03\/IMG-20200331-WA0136-720x405.jpg 720w\" sizes=\"auto, (max-width: 1024px) 100vw, 1024px\" \/><\/figure>\n\n\n\n<figure class=\"wp-block-image size-large\"><img loading=\"lazy\" decoding=\"async\" width=\"1024\" height=\"431\" src=\"http:\/\/blogdoedvaldomagalhaes.com.br\/wp-content\/uploads\/2020\/03\/IMG-20200331-WA0132.jpg\" alt=\"\" class=\"wp-image-53488\" srcset=\"https:\/\/blogdoedvaldomagalhaes.com.br\/wp-content\/uploads\/2020\/03\/IMG-20200331-WA0132.jpg 1024w, https:\/\/blogdoedvaldomagalhaes.com.br\/wp-content\/uploads\/2020\/03\/IMG-20200331-WA0132-300x126.jpg 300w, https:\/\/blogdoedvaldomagalhaes.com.br\/wp-content\/uploads\/2020\/03\/IMG-20200331-WA0132-768x323.jpg 768w\" sizes=\"auto, (max-width: 1024px) 100vw, 1024px\" \/><\/figure>\n\n\n\n<figure class=\"wp-block-image size-large\"><img loading=\"lazy\" decoding=\"async\" width=\"1024\" height=\"768\" src=\"http:\/\/blogdoedvaldomagalhaes.com.br\/wp-content\/uploads\/2020\/03\/IMG-20200331-WA0135.jpg\" alt=\"\" class=\"wp-image-53489\" srcset=\"https:\/\/blogdoedvaldomagalhaes.com.br\/wp-content\/uploads\/2020\/03\/IMG-20200331-WA0135.jpg 1024w, https:\/\/blogdoedvaldomagalhaes.com.br\/wp-content\/uploads\/2020\/03\/IMG-20200331-WA0135-300x225.jpg 300w, https:\/\/blogdoedvaldomagalhaes.com.br\/wp-content\/uploads\/2020\/03\/IMG-20200331-WA0135-768x576.jpg 768w, https:\/\/blogdoedvaldomagalhaes.com.br\/wp-content\/uploads\/2020\/03\/IMG-20200331-WA0135-160x120.jpg 160w\" sizes=\"auto, (max-width: 1024px) 100vw, 1024px\" \/><figcaption>Fotos: Secretaria de Sa\u00fade de Toritama<\/figcaption><\/figure>\n","protected":false},"excerpt":{"rendered":"<p>A Prefeitura de Toritama abrir\u00e1 um Hospital de Campanha nesta quarta-feira (01) para acolher ou dar suporte aos pacientes do&hellip;<\/p>\n","protected":false},"author":1,"featured_media":53484,"comment_status":"open","ping_status":"open","sticky":false,"template":"","format":"standard","meta":{"footnotes":""},"categories":[14120],"tags":[2,16881,17680],"class_list":["post-53483","post","type-post","status-publish","format-standard","has-post-thumbnail","hentry","category-noticias","tag-blog-do-edvaldo-magalhaes","tag-caruaru-e-regiao","tag-toritama-abre-hospital-de-campanha-para-enfrentar-o-coronavirus"],"_links":{"self":[{"href":"https:\/\/blogdoedvaldomagalhaes.com.br\/index.php\/wp-json\/wp\/v2\/posts\/53483","targetHints":{"allow":["GET"]}}],"collection":[{"href":"https:\/\/blogdoedvaldomagalhaes.com.br\/index.php\/wp-json\/wp\/v2\/posts"}],"about":[{"href":"https:\/\/blogdoedvaldomagalhaes.com.br\/index.php\/wp-json\/wp\/v2\/types\/post"}],"author":[{"embeddable":true,"href":"https:\/\/blogdoedvaldomagalhaes.com.br\/index.php\/wp-json\/wp\/v2\/users\/1"}],"replies":[{"embeddable":true,"href":"https:\/\/blogdoedvaldomagalhaes.com.br\/index.php\/wp-json\/wp\/v2\/comments?post=53483"}],"version-history":[{"count":1,"href":"https:\/\/blogdoedvaldomagalhaes.com.br\/index.php\/wp-json\/wp\/v2\/posts\/53483\/revisions"}],"predecessor-version":[{"id":53490,"href":"https:\/\/blogdoedvaldomagalhaes.com.br\/index.php\/wp-json\/wp\/v2\/posts\/53483\/revisions\/53490"}],"wp:featuredmedia":[{"embeddable":true,"href":"https:\/\/blogdoedvaldomagalhaes.com.br\/index.php\/wp-json\/wp\/v2\/media\/53484"}],"wp:attachment":[{"href":"https:\/\/blogdoedvaldomagalhaes.com.br\/index.php\/wp-json\/wp\/v2\/media?parent=53483"}],"wp:term":[{"taxonomy":"category","embeddable":true,"href":"https:\/\/blogdoedvaldomagalhaes.com.br\/index.php\/wp-json\/wp\/v2\/categories?post=53483"},{"taxonomy":"post_tag","embeddable":true,"href":"https:\/\/blogdoedvaldomagalhaes.com.br\/index.php\/wp-json\/wp\/v2\/tags?post=53483"}],"curies":[{"name":"wp","href":"https:\/\/api.w.org\/{rel}","templated":true}]}}