{"id":5348,"date":"2017-07-16T14:53:00","date_gmt":"2017-07-16T17:53:00","guid":{"rendered":"http:\/\/blogdoedvaldomagalhaes.com.br\/index.php\/2017\/07\/16\/confira-o-que-abre-e-o-que-fecha-e-2\/"},"modified":"2019-02-09T01:35:42","modified_gmt":"2019-02-09T03:35:42","slug":"confira-o-que-abre-e-o-que-fecha-e-2","status":"publish","type":"post","link":"https:\/\/blogdoedvaldomagalhaes.com.br\/index.php\/2017\/07\/16\/confira-o-que-abre-e-o-que-fecha-e-2\/","title":{"rendered":"Confira o que abre e o que fecha em Caruaru nesta segunda (17)"},"content":{"rendered":"<div class=\"separator\" style=\"clear: both; text-align: center;\">\n<a href=\"https:\/\/4.bp.blogspot.com\/-kp2qb0mlKrk\/WWt8rMXoy3I\/AAAAAAAAZiI\/vgcKduBfDDkOiiWWF7P8Fopx19mRYgzYQCLcBGAs\/s1600\/comercio.jpg\" imageanchor=\"1\" style=\"margin-left: 1em; margin-right: 1em;\"><img loading=\"lazy\" decoding=\"async\" border=\"0\" data-original-height=\"225\" data-original-width=\"300\" height=\"300\" src=\"http:\/\/blogdoedvaldomagalhaes.com.br\/wp-content\/uploads\/2017\/07\/comercio.jpg\" width=\"400\" \/><\/a><\/div>\n<div class=\"MsoNormal\" style=\"text-align: justify;\">\n<\/div>\n<div class=\"MsoNormal\" style=\"text-align: justify;\">\nO Dia do Comerci\u00e1rio ser\u00e1<br \/>\ncomemorado nesta segunda-feira (17) em Caruaru, de<br \/>\nacordo com a Conven\u00e7\u00e3o Coletiva de Trabalho (CCT) 2017\/2018, celebrada entre o<br \/>\nSindicato dos Lojistas do Com\u00e9rcio de Caruaru (Sindloja) e o Sindicato dos<br \/>\nEmpregados no Com\u00e9rcio de Caruaru (Sindecc). O feriado altera o hor\u00e1rio de funcionamento<br \/>\ndos centros de compras e da Feira da Sulanca.<\/div>\n<div class=\"MsoNormal\" style=\"text-align: justify;\">\n<\/div>\n<div class=\"MsoNormal\" style=\"text-align: justify;\">\nAs lojas estar\u00e3o<br \/>\nfechadas. A&nbsp;Feira da Sulanca ser\u00e1 realizada na ter\u00e7a-feira (18).&nbsp;Feiras e Mercado P\u00fablico n\u00e3o funcionar\u00e3o. O&nbsp;Caruaru Shopping estar\u00e1 com as lojas fechadas, o Hiper Bompre\u00e7o funciona das 10h \u00e0s 22h. A pra\u00e7a de<br \/>\nalimenta\u00e7\u00e3o e os espa\u00e7os de lazer funcionam das 12h \u00e0s 20h. O cinema seguir\u00e1 os<br \/>\nhor\u00e1rios da programa\u00e7\u00e3o, dispon\u00edvel no site do centro de compras. A academia abre<br \/>\ndas 9h \u00e0s 15h.<\/div>\n<div class=\"MsoNormal\" style=\"text-align: justify;\">\n<\/div>\n<div class=\"MsoNormal\" style=\"text-align: justify;\">\nO Shopping Difusora estar\u00e1 com as<br \/>\nlojas e quiosques fechads. A pra\u00e7a de alimenta\u00e7\u00e3o e os equipamentos de<br \/>\nlazer funcionam das 11h \u00e0s 21h.&nbsp;O centro de<br \/>\ncompras do Polo Caruaru estar\u00e1 fechado. A&nbsp;F\u00e1brica da Moda n\u00e3o vai funcionar.<\/div>\n<p><\/p>\n<div class=\"MsoNormal\" style=\"text-align: justify;\">\nOs supermercados poder\u00e3o funcionar normalmente, j\u00e1 que o Dia do Comerci\u00e1rio para<br \/>\nesta categoria ser\u00e1 comemorado na terceira segunda-feira de outubro. As ag\u00eancias banc\u00e1rias estar\u00e3o abertas. Reparti\u00e7\u00f5es p\u00fablicas municipais, estaduais e federais v\u00e3o funcionar.<\/div>\n<div class=\"MsoNormal\" style=\"text-align: justify;\">\n<\/div>\n<div class=\"separator\" style=\"clear: both; text-align: center;\">\n<a href=\"http:\/\/blogdoedvaldomagalhaes.com.br\/wp-content\/uploads\/2017\/07\/10-Governo-12.jpg\" imageanchor=\"1\" style=\"clear: left; float: left; margin-bottom: 1em; margin-right: 1em;\"><img decoding=\"async\" border=\"0\" data-original-height=\"100\" data-original-width=\"570\" src=\"http:\/\/blogdoedvaldomagalhaes.com.br\/wp-content\/uploads\/2017\/07\/10-Governo-12.jpg\" \/><\/a><\/div>\n<div class=\"MsoNormal\" style=\"text-align: justify;\">\n<\/div>\n","protected":false},"excerpt":{"rendered":"<p>O Dia do Comerci\u00e1rio ser\u00e1 comemorado nesta segunda-feira (17) em Caruaru, de acordo com a Conven\u00e7\u00e3o Coletiva de Trabalho (CCT)&hellip;<\/p>\n","protected":false},"author":1,"featured_media":0,"comment_status":"open","ping_status":"open","sticky":false,"template":"","format":"standard","meta":{"footnotes":""},"categories":[1],"tags":[2,5935,7091,7092,6,1518,3018],"class_list":["post-5348","post","type-post","status-publish","format-standard","hentry","category-sem-categoria","tag-blog-do-edvaldo-magalhaes","tag-caruaru-shopping","tag-confira-o-que-abre-e-o-que-fecha-em-caruaru-nesta-segunda-17","tag-fabrica-da-moda","tag-noticias","tag-polo-caruaru","tag-shopping-difusora"],"_links":{"self":[{"href":"https:\/\/blogdoedvaldomagalhaes.com.br\/index.php\/wp-json\/wp\/v2\/posts\/5348","targetHints":{"allow":["GET"]}}],"collection":[{"href":"https:\/\/blogdoedvaldomagalhaes.com.br\/index.php\/wp-json\/wp\/v2\/posts"}],"about":[{"href":"https:\/\/blogdoedvaldomagalhaes.com.br\/index.php\/wp-json\/wp\/v2\/types\/post"}],"author":[{"embeddable":true,"href":"https:\/\/blogdoedvaldomagalhaes.com.br\/index.php\/wp-json\/wp\/v2\/users\/1"}],"replies":[{"embeddable":true,"href":"https:\/\/blogdoedvaldomagalhaes.com.br\/index.php\/wp-json\/wp\/v2\/comments?post=5348"}],"version-history":[{"count":1,"href":"https:\/\/blogdoedvaldomagalhaes.com.br\/index.php\/wp-json\/wp\/v2\/posts\/5348\/revisions"}],"predecessor-version":[{"id":22150,"href":"https:\/\/blogdoedvaldomagalhaes.com.br\/index.php\/wp-json\/wp\/v2\/posts\/5348\/revisions\/22150"}],"wp:attachment":[{"href":"https:\/\/blogdoedvaldomagalhaes.com.br\/index.php\/wp-json\/wp\/v2\/media?parent=5348"}],"wp:term":[{"taxonomy":"category","embeddable":true,"href":"https:\/\/blogdoedvaldomagalhaes.com.br\/index.php\/wp-json\/wp\/v2\/categories?post=5348"},{"taxonomy":"post_tag","embeddable":true,"href":"https:\/\/blogdoedvaldomagalhaes.com.br\/index.php\/wp-json\/wp\/v2\/tags?post=5348"}],"curies":[{"name":"wp","href":"https:\/\/api.w.org\/{rel}","templated":true}]}}