{"id":53478,"date":"2020-03-31T11:59:27","date_gmt":"2020-03-31T14:59:27","guid":{"rendered":"http:\/\/blogdoedvaldomagalhaes.com.br\/?p=53478"},"modified":"2020-03-31T11:59:31","modified_gmt":"2020-03-31T14:59:31","slug":"barragem-verte-e-compesa-anuncia-reducao-do-rodizio-de-abastecimento-em-panelas-e-cupira","status":"publish","type":"post","link":"https:\/\/blogdoedvaldomagalhaes.com.br\/index.php\/2020\/03\/31\/barragem-verte-e-compesa-anuncia-reducao-do-rodizio-de-abastecimento-em-panelas-e-cupira\/","title":{"rendered":"Barragem verte e Compesa anuncia redu\u00e7\u00e3o do rod\u00edzio de abastecimento em Panelas e Cupira"},"content":{"rendered":"<p style=\"text-align: justify;\"><span style=\"font-size: inherit;\">As chuvas recuperaram o n\u00edvel de mais um manancial no Agreste do estado. Desta vez, a barragem S\u00e3o Sebasti\u00e3o, em Panelas, \u00e9 mais uma a atingir 100% da sua capacidade de acumula\u00e7\u00e3o, o que permitir\u00e1 \u00e0 Compesa reduzir o rod\u00edzio dos munic\u00edpios de Panelas e Cupira, a partir desta semana. <\/span><\/p>\n<p style=\"text-align: justify;\"><span style=\"font-size: inherit;\">\u201cA Compesa agiu rapidamente para diminuir o rod\u00edzio em mais estas cidades e os moradores j\u00e1 est\u00e3o contando com mais \u00e1gua nas torneiras. Panelas, que estava sendo abastecida 5 dias sim e 15 n\u00e3o, passar\u00e1 para 3 dias com abastecimento e 7 sem, j\u00e1 Cupira, que recebia \u00e1gua tr\u00eas dias na semana e passava seis sem abastecimento, passar\u00e1 para um regime de tr\u00eas dias com \u00e1gua e quatro sem\u201d, explica o gerente da Unidade de Neg\u00f3cios da Compesa, Tiago Grassi.<\/span><\/p>\n\n\n<figure class=\"wp-block-image size-large\"><img loading=\"lazy\" decoding=\"async\" width=\"1024\" height=\"768\" src=\"http:\/\/blogdoedvaldomagalhaes.com.br\/wp-content\/uploads\/2020\/03\/IMG-20200331-WA0129-1024x768.jpg\" alt=\"\" class=\"wp-image-53480\" srcset=\"https:\/\/blogdoedvaldomagalhaes.com.br\/wp-content\/uploads\/2020\/03\/IMG-20200331-WA0129-1024x768.jpg 1024w, https:\/\/blogdoedvaldomagalhaes.com.br\/wp-content\/uploads\/2020\/03\/IMG-20200331-WA0129-300x225.jpg 300w, https:\/\/blogdoedvaldomagalhaes.com.br\/wp-content\/uploads\/2020\/03\/IMG-20200331-WA0129-768x576.jpg 768w, https:\/\/blogdoedvaldomagalhaes.com.br\/wp-content\/uploads\/2020\/03\/IMG-20200331-WA0129-160x120.jpg 160w, https:\/\/blogdoedvaldomagalhaes.com.br\/wp-content\/uploads\/2020\/03\/IMG-20200331-WA0129.jpg 1280w\" sizes=\"auto, (max-width: 1024px) 100vw, 1024px\" \/><\/figure>\n\n\n\n<figure class=\"wp-block-image size-large\"><img loading=\"lazy\" decoding=\"async\" width=\"1024\" height=\"768\" src=\"http:\/\/blogdoedvaldomagalhaes.com.br\/wp-content\/uploads\/2020\/03\/IMG-20200331-WA0126-1024x768.jpg\" alt=\"\" class=\"wp-image-53481\" srcset=\"https:\/\/blogdoedvaldomagalhaes.com.br\/wp-content\/uploads\/2020\/03\/IMG-20200331-WA0126-1024x768.jpg 1024w, https:\/\/blogdoedvaldomagalhaes.com.br\/wp-content\/uploads\/2020\/03\/IMG-20200331-WA0126-300x225.jpg 300w, https:\/\/blogdoedvaldomagalhaes.com.br\/wp-content\/uploads\/2020\/03\/IMG-20200331-WA0126-768x576.jpg 768w, https:\/\/blogdoedvaldomagalhaes.com.br\/wp-content\/uploads\/2020\/03\/IMG-20200331-WA0126-160x120.jpg 160w, https:\/\/blogdoedvaldomagalhaes.com.br\/wp-content\/uploads\/2020\/03\/IMG-20200331-WA0126.jpg 1280w\" sizes=\"auto, (max-width: 1024px) 100vw, 1024px\" \/><\/figure>\n","protected":false},"excerpt":{"rendered":"<p>As chuvas recuperaram o n\u00edvel de mais um manancial no Agreste do estado. Desta vez, a barragem S\u00e3o Sebasti\u00e3o, em&hellip;<\/p>\n","protected":false},"author":1,"featured_media":53479,"comment_status":"open","ping_status":"open","sticky":false,"template":"","format":"standard","meta":{"footnotes":""},"categories":[14120],"tags":[17679,16881],"class_list":["post-53478","post","type-post","status-publish","format-standard","has-post-thumbnail","hentry","category-noticias","tag-barragem-verte-e-compesa-anuncia-reducao-do-rodizio-de-abastecimento-em-panelas-e-cupira","tag-caruaru-e-regiao"],"_links":{"self":[{"href":"https:\/\/blogdoedvaldomagalhaes.com.br\/index.php\/wp-json\/wp\/v2\/posts\/53478","targetHints":{"allow":["GET"]}}],"collection":[{"href":"https:\/\/blogdoedvaldomagalhaes.com.br\/index.php\/wp-json\/wp\/v2\/posts"}],"about":[{"href":"https:\/\/blogdoedvaldomagalhaes.com.br\/index.php\/wp-json\/wp\/v2\/types\/post"}],"author":[{"embeddable":true,"href":"https:\/\/blogdoedvaldomagalhaes.com.br\/index.php\/wp-json\/wp\/v2\/users\/1"}],"replies":[{"embeddable":true,"href":"https:\/\/blogdoedvaldomagalhaes.com.br\/index.php\/wp-json\/wp\/v2\/comments?post=53478"}],"version-history":[{"count":1,"href":"https:\/\/blogdoedvaldomagalhaes.com.br\/index.php\/wp-json\/wp\/v2\/posts\/53478\/revisions"}],"predecessor-version":[{"id":53482,"href":"https:\/\/blogdoedvaldomagalhaes.com.br\/index.php\/wp-json\/wp\/v2\/posts\/53478\/revisions\/53482"}],"wp:featuredmedia":[{"embeddable":true,"href":"https:\/\/blogdoedvaldomagalhaes.com.br\/index.php\/wp-json\/wp\/v2\/media\/53479"}],"wp:attachment":[{"href":"https:\/\/blogdoedvaldomagalhaes.com.br\/index.php\/wp-json\/wp\/v2\/media?parent=53478"}],"wp:term":[{"taxonomy":"category","embeddable":true,"href":"https:\/\/blogdoedvaldomagalhaes.com.br\/index.php\/wp-json\/wp\/v2\/categories?post=53478"},{"taxonomy":"post_tag","embeddable":true,"href":"https:\/\/blogdoedvaldomagalhaes.com.br\/index.php\/wp-json\/wp\/v2\/tags?post=53478"}],"curies":[{"name":"wp","href":"https:\/\/api.w.org\/{rel}","templated":true}]}}