{"id":53475,"date":"2020-03-31T11:20:16","date_gmt":"2020-03-31T14:20:16","guid":{"rendered":"http:\/\/blogdoedvaldomagalhaes.com.br\/?p=53475"},"modified":"2020-03-31T11:20:21","modified_gmt":"2020-03-31T14:20:21","slug":"sesc-suspende-temporariamente-pagamentos-de-mensalidades-das-atividades","status":"publish","type":"post","link":"https:\/\/blogdoedvaldomagalhaes.com.br\/index.php\/2020\/03\/31\/sesc-suspende-temporariamente-pagamentos-de-mensalidades-das-atividades\/","title":{"rendered":"Sesc suspende temporariamente pagamentos de mensalidades das atividades"},"content":{"rendered":"<p style=\"text-align: justify;\"><span style=\"font-size: inherit;\">Neste per\u00edodo de isolamento social, devido \u00e0 pandemia do coronav\u00edrus, o Sesc em Pernambuco suspendeu as atividades at\u00e9 o dia 15 de abril. Durante esse per\u00edodo, o pagamento das mensalidades das atividades tamb\u00e9m estar\u00e1 suspenso at\u00e9 a retomada das atividades. A medida \u00e9 v\u00e1lida para os cursos de cultura, esportes e academia. O cr\u00e9dito dos dias j\u00e1 pagos ser\u00e1 compensado com a prorroga\u00e7\u00e3o do prazo associado \u00e0 oferta do servi\u00e7o.<\/span><\/p>\n<p style=\"text-align: justify;\">Sobre os cursos de educa\u00e7\u00e3o, o Sesc informa que o pagamento das mensalidades da Educa\u00e7\u00e3o Infantil, Ensino Fundamental e cursos complementares, como Pr\u00e9-Enem, Ingl\u00eas, Rob\u00f3tica e Inform\u00e1tica, tamb\u00e9m s\u00f3 ser\u00e1 retomado com o retorno das aulas, e n\u00e3o haver\u00e1 cobran\u00e7a de multas e juros. A carga hor\u00e1ria anual ser\u00e1 cumprida com reposi\u00e7\u00e3o dos conte\u00fados. O Sesc tem \u00e0 disposi\u00e7\u00e3o o e-mail faleconosco@sescpe.com.br para d\u00favidas e informa\u00e7\u00f5es.<\/p>\n<p style=\"text-align: justify;\">*Sesc* \u2013 O Servi\u00e7o Social do Com\u00e9rcio \u00e9 uma institui\u00e7\u00e3o privada mantida pelos empres\u00e1rios do com\u00e9rcio de bens, servi\u00e7os e turismo. Em Pernambuco, iniciou suas atividades em 1947. Oferece para os funcion\u00e1rios do com\u00e9rcio de bens, servi\u00e7os e turismo, bem como para o p\u00fablico geral, a pre\u00e7os m\u00f3dicos ou gratuitamente, atividades nas \u00e1reas de educa\u00e7\u00e3o, sa\u00fade, cultura, recrea\u00e7\u00e3o, esporte, turismo e assist\u00eancia social. Atualmente, existem 23 unidades do Sesc do Litoral ao Sert\u00e3o do estado, incluindo dois hot\u00e9is, em Garanhuns e Triunfo, e o Centro de Produ\u00e7\u00e3o Cultural, Tecnologia e Neg\u00f3cios do Sesc, em Garanhuns. Essas unidades disp\u00f5em de escolas, equipamentos culturais (como teatros e galerias de arte), restaurantes, academias, quadras poliesportivas, campos de futebol, entre outros espa\u00e7os e projetos. Para conhecer cada unidade, os projetos ou acessar a programa\u00e7\u00e3o do m\u00eas do Sesc em Pernambuco, basta acessar www.sescpe.org.br.<\/p>\n","protected":false},"excerpt":{"rendered":"<p>Neste per\u00edodo de isolamento social, devido \u00e0 pandemia do coronav\u00edrus, o Sesc em Pernambuco suspendeu as atividades at\u00e9 o dia&hellip;<\/p>\n","protected":false},"author":1,"featured_media":53476,"comment_status":"open","ping_status":"open","sticky":false,"template":"","format":"standard","meta":{"footnotes":""},"categories":[14120],"tags":[2,16881,17678],"class_list":["post-53475","post","type-post","status-publish","format-standard","has-post-thumbnail","hentry","category-noticias","tag-blog-do-edvaldo-magalhaes","tag-caruaru-e-regiao","tag-sesc-suspende-temporariamente-pagamentos-de-mensalidades-das-atividades"],"_links":{"self":[{"href":"https:\/\/blogdoedvaldomagalhaes.com.br\/index.php\/wp-json\/wp\/v2\/posts\/53475","targetHints":{"allow":["GET"]}}],"collection":[{"href":"https:\/\/blogdoedvaldomagalhaes.com.br\/index.php\/wp-json\/wp\/v2\/posts"}],"about":[{"href":"https:\/\/blogdoedvaldomagalhaes.com.br\/index.php\/wp-json\/wp\/v2\/types\/post"}],"author":[{"embeddable":true,"href":"https:\/\/blogdoedvaldomagalhaes.com.br\/index.php\/wp-json\/wp\/v2\/users\/1"}],"replies":[{"embeddable":true,"href":"https:\/\/blogdoedvaldomagalhaes.com.br\/index.php\/wp-json\/wp\/v2\/comments?post=53475"}],"version-history":[{"count":1,"href":"https:\/\/blogdoedvaldomagalhaes.com.br\/index.php\/wp-json\/wp\/v2\/posts\/53475\/revisions"}],"predecessor-version":[{"id":53477,"href":"https:\/\/blogdoedvaldomagalhaes.com.br\/index.php\/wp-json\/wp\/v2\/posts\/53475\/revisions\/53477"}],"wp:featuredmedia":[{"embeddable":true,"href":"https:\/\/blogdoedvaldomagalhaes.com.br\/index.php\/wp-json\/wp\/v2\/media\/53476"}],"wp:attachment":[{"href":"https:\/\/blogdoedvaldomagalhaes.com.br\/index.php\/wp-json\/wp\/v2\/media?parent=53475"}],"wp:term":[{"taxonomy":"category","embeddable":true,"href":"https:\/\/blogdoedvaldomagalhaes.com.br\/index.php\/wp-json\/wp\/v2\/categories?post=53475"},{"taxonomy":"post_tag","embeddable":true,"href":"https:\/\/blogdoedvaldomagalhaes.com.br\/index.php\/wp-json\/wp\/v2\/tags?post=53475"}],"curies":[{"name":"wp","href":"https:\/\/api.w.org\/{rel}","templated":true}]}}