{"id":53472,"date":"2020-03-30T23:49:35","date_gmt":"2020-03-31T02:49:35","guid":{"rendered":"http:\/\/blogdoedvaldomagalhaes.com.br\/?p=53472"},"modified":"2020-03-30T23:49:38","modified_gmt":"2020-03-31T02:49:38","slug":"prefeitura-de-caruaru-altera-vencimento-de-pagamentos-de-taxas-e-impostos","status":"publish","type":"post","link":"https:\/\/blogdoedvaldomagalhaes.com.br\/index.php\/2020\/03\/30\/prefeitura-de-caruaru-altera-vencimento-de-pagamentos-de-taxas-e-impostos\/","title":{"rendered":"Prefeitura de Caruaru altera vencimento de pagamentos de taxas e impostos"},"content":{"rendered":"<p style=\"text-align: justify;\"><span style=\"font-size: inherit;\">A Prefeitura de Caruaru definiu novas medidas para o conjunto de determina\u00e7\u00f5es ocasionadas pela Covid-19. Dessa vez, atrav\u00e9s de uma Portaria publicada na \u00faltima sexta-feira (27), via Secretaria da Fazenda, no Di\u00e1rio Oficial do Munic\u00edpio, as medidas se referentem \u00e0 Taxa de Licen\u00e7a de Funcionamento (TLF) e ao Imposto sobre servi\u00e7os de qualquer natureza (ISSQN Aut\u00f4nomo).<\/span><\/p>\n<p style=\"text-align: justify;\">O documento define que a data de pagamento das primeiras parcelas das taxas, passar\u00e3o para o dia 30 de setembro de 2020. Contudo, levando em considera\u00e7\u00e3o a impossibilidade de altera\u00e7\u00e3o ou cancelamento dos boletos j\u00e1 distribu\u00eddos, a prefeitura explica que estes dever\u00e3o ser pagos na Tesouraria da Prefeitura de Caruaru, at\u00e9 a data j\u00e1 definida. Os novos boletos das demais parcelas devem ser reemitidos com o novo vencimento pelo site da prefeitura: www.caruaru.pe.gov.br.<\/p>\n<p style=\"text-align: justify;\">Os vencimento das segundas parcelas da TLF e do ISSQN Aut\u00f4nomo n\u00e3o sofrer\u00e1 altera\u00e7\u00e3o, permanecendo no dia 31 de julho de 2020.<\/p>\n","protected":false},"excerpt":{"rendered":"<p>A Prefeitura de Caruaru definiu novas medidas para o conjunto de determina\u00e7\u00f5es ocasionadas pela Covid-19. Dessa vez, atrav\u00e9s de uma&hellip;<\/p>\n","protected":false},"author":1,"featured_media":53473,"comment_status":"open","ping_status":"open","sticky":false,"template":"","format":"standard","meta":{"footnotes":""},"categories":[14120],"tags":[2,16881,17677],"class_list":["post-53472","post","type-post","status-publish","format-standard","has-post-thumbnail","hentry","category-noticias","tag-blog-do-edvaldo-magalhaes","tag-caruaru-e-regiao","tag-prefeitura-de-caruaru-altera-vencimento-de-pagamentos-de-taxas-e-impostos"],"_links":{"self":[{"href":"https:\/\/blogdoedvaldomagalhaes.com.br\/index.php\/wp-json\/wp\/v2\/posts\/53472","targetHints":{"allow":["GET"]}}],"collection":[{"href":"https:\/\/blogdoedvaldomagalhaes.com.br\/index.php\/wp-json\/wp\/v2\/posts"}],"about":[{"href":"https:\/\/blogdoedvaldomagalhaes.com.br\/index.php\/wp-json\/wp\/v2\/types\/post"}],"author":[{"embeddable":true,"href":"https:\/\/blogdoedvaldomagalhaes.com.br\/index.php\/wp-json\/wp\/v2\/users\/1"}],"replies":[{"embeddable":true,"href":"https:\/\/blogdoedvaldomagalhaes.com.br\/index.php\/wp-json\/wp\/v2\/comments?post=53472"}],"version-history":[{"count":1,"href":"https:\/\/blogdoedvaldomagalhaes.com.br\/index.php\/wp-json\/wp\/v2\/posts\/53472\/revisions"}],"predecessor-version":[{"id":53474,"href":"https:\/\/blogdoedvaldomagalhaes.com.br\/index.php\/wp-json\/wp\/v2\/posts\/53472\/revisions\/53474"}],"wp:featuredmedia":[{"embeddable":true,"href":"https:\/\/blogdoedvaldomagalhaes.com.br\/index.php\/wp-json\/wp\/v2\/media\/53473"}],"wp:attachment":[{"href":"https:\/\/blogdoedvaldomagalhaes.com.br\/index.php\/wp-json\/wp\/v2\/media?parent=53472"}],"wp:term":[{"taxonomy":"category","embeddable":true,"href":"https:\/\/blogdoedvaldomagalhaes.com.br\/index.php\/wp-json\/wp\/v2\/categories?post=53472"},{"taxonomy":"post_tag","embeddable":true,"href":"https:\/\/blogdoedvaldomagalhaes.com.br\/index.php\/wp-json\/wp\/v2\/tags?post=53472"}],"curies":[{"name":"wp","href":"https:\/\/api.w.org\/{rel}","templated":true}]}}