{"id":5347,"date":"2017-07-16T15:14:00","date_gmt":"2017-07-16T18:14:00","guid":{"rendered":"http:\/\/blogdoedvaldomagalhaes.com.br\/index.php\/2017\/07\/16\/festa-do-maior-bolo-barra-branca-do\/"},"modified":"2019-02-09T01:35:45","modified_gmt":"2019-02-09T03:35:45","slug":"festa-do-maior-bolo-barra-branca-do","status":"publish","type":"post","link":"https:\/\/blogdoedvaldomagalhaes.com.br\/index.php\/2017\/07\/16\/festa-do-maior-bolo-barra-branca-do\/","title":{"rendered":"Festa do Maior Bolo Barra Branca do Mundo em Caruaru neste domingo (16)"},"content":{"rendered":"<div class=\"separator\" style=\"clear: both; text-align: center;\">\n<a href=\"https:\/\/2.bp.blogspot.com\/-QEQi6LKg0xM\/WWuCqKEZBgI\/AAAAAAAAZiY\/QvGTEPMy7HM9KKfcnVY-uMW2ISoOTYS3gCLcBGAs\/s1600\/bolo.jpg\" imageanchor=\"1\" style=\"margin-left: 1em; margin-right: 1em;\"><img loading=\"lazy\" decoding=\"async\" border=\"0\" data-original-height=\"450\" data-original-width=\"800\" height=\"225\" src=\"http:\/\/blogdoedvaldomagalhaes.com.br\/wp-content\/uploads\/2017\/07\/bolo.jpg\" width=\"400\" \/><\/a><\/div>\n<div class=\"separator\" style=\"clear: both; text-align: center;\">\nFoto ilustrativa<\/div>\n<div class=\"MsoNormal\" style=\"text-align: justify;\">\n<\/div>\n<div class=\"MsoNormal\" style=\"text-align: justify;\">\nA festa do Maior Bolo Barra Branca do Mundo, acontece neste domingo (16), na rua<br \/>\nGovernador Rosado Maia, no bairro Salgado, em Caruaru, a partir das 16h. A<br \/>\norganiza\u00e7\u00e3o \u00e9 de Paulinho Publicidade, Maria do Socorro e Lulinha do Povo.<\/p>\n<p>O evento come\u00e7a \u00e0s 14h com apresenta\u00e7\u00e3o de Marquinhos Show, \u00e0s 16 hs come\u00e7a a apresenta\u00e7\u00e3o de Erivaldo Silva. O bolo deve ser servido \u00e0s 17h.<\/p>\n<div class=\"separator\" style=\"clear: both; text-align: center;\">\n<a href=\"http:\/\/blogdoedvaldomagalhaes.com.br\/wp-content\/uploads\/2017\/07\/2-Sismuc-5.jpg\" imageanchor=\"1\" style=\"clear: left; float: left; margin-bottom: 1em; margin-right: 1em;\"><img decoding=\"async\" border=\"0\" data-original-height=\"100\" data-original-width=\"570\" src=\"http:\/\/blogdoedvaldomagalhaes.com.br\/wp-content\/uploads\/2017\/07\/2-Sismuc-5.jpg\" \/><\/a><\/div>\n<p><\/div>\n","protected":false},"excerpt":{"rendered":"<p>Foto ilustrativa A festa do Maior Bolo Barra Branca do Mundo, acontece neste domingo (16), na rua Governador Rosado Maia,&hellip;<\/p>\n","protected":false},"author":1,"featured_media":0,"comment_status":"open","ping_status":"open","sticky":false,"template":"","format":"standard","meta":{"footnotes":""},"categories":[1],"tags":[1943,2,7089,7090,6758],"class_list":["post-5347","post","type-post","status-publish","format-standard","hentry","category-sem-categoria","tag-bairro-salgado","tag-blog-do-edvaldo-magalhaes","tag-festa-do-maior-bolo-barra-branca-do-mundo-em-caruaru-neste-domingo-16","tag-rua-governador-rosado-maia","tag-sao-joao"],"_links":{"self":[{"href":"https:\/\/blogdoedvaldomagalhaes.com.br\/index.php\/wp-json\/wp\/v2\/posts\/5347","targetHints":{"allow":["GET"]}}],"collection":[{"href":"https:\/\/blogdoedvaldomagalhaes.com.br\/index.php\/wp-json\/wp\/v2\/posts"}],"about":[{"href":"https:\/\/blogdoedvaldomagalhaes.com.br\/index.php\/wp-json\/wp\/v2\/types\/post"}],"author":[{"embeddable":true,"href":"https:\/\/blogdoedvaldomagalhaes.com.br\/index.php\/wp-json\/wp\/v2\/users\/1"}],"replies":[{"embeddable":true,"href":"https:\/\/blogdoedvaldomagalhaes.com.br\/index.php\/wp-json\/wp\/v2\/comments?post=5347"}],"version-history":[{"count":1,"href":"https:\/\/blogdoedvaldomagalhaes.com.br\/index.php\/wp-json\/wp\/v2\/posts\/5347\/revisions"}],"predecessor-version":[{"id":22153,"href":"https:\/\/blogdoedvaldomagalhaes.com.br\/index.php\/wp-json\/wp\/v2\/posts\/5347\/revisions\/22153"}],"wp:attachment":[{"href":"https:\/\/blogdoedvaldomagalhaes.com.br\/index.php\/wp-json\/wp\/v2\/media?parent=5347"}],"wp:term":[{"taxonomy":"category","embeddable":true,"href":"https:\/\/blogdoedvaldomagalhaes.com.br\/index.php\/wp-json\/wp\/v2\/categories?post=5347"},{"taxonomy":"post_tag","embeddable":true,"href":"https:\/\/blogdoedvaldomagalhaes.com.br\/index.php\/wp-json\/wp\/v2\/tags?post=5347"}],"curies":[{"name":"wp","href":"https:\/\/api.w.org\/{rel}","templated":true}]}}