{"id":53465,"date":"2020-03-30T23:22:51","date_gmt":"2020-03-31T02:22:51","guid":{"rendered":"http:\/\/blogdoedvaldomagalhaes.com.br\/?p=53465"},"modified":"2020-03-30T23:27:22","modified_gmt":"2020-03-31T02:27:22","slug":"comerciante-e-esposa-sofrem-sequestro-relampago-em-caruaru","status":"publish","type":"post","link":"https:\/\/blogdoedvaldomagalhaes.com.br\/index.php\/2020\/03\/30\/comerciante-e-esposa-sofrem-sequestro-relampago-em-caruaru\/","title":{"rendered":"Comerciante e esposa sofrem sequestro rel\u00e2mpago em Caruaru"},"content":{"rendered":"<p style=\"text-align: justify;\">Um comerciante da cidade de Cupira e a esposa sofreram um sequestro rel\u00e2mpago na noite desta segunda-feira (30), em Caruaru. O casal vinha de Santa Cruz do Capibaribe, parou em um posto de combust\u00edvel \u00e0s margens da BR-104, pr\u00f3ximo da Ceaca, e quando ia pegar a rodovia para seguir viagem, o ve\u00edculo foi interceptado por bandidos em um Celta.<\/p>\n<p style=\"text-align: justify;\">Os criminosos deixaram as v\u00edtimas em um s\u00edtio na zona rural de Caruaru e levaram uma quantia em dinheiro n\u00e3o informada. O casal foi levado para o Plant\u00e3o da Pol\u00edcia Civil de Caruaru e a Pol\u00edcia Militar tenta capturar os bandidos.<\/p>\n<p>Informa\u00e7\u00f5es: R\u00e1dio Liberdade.<\/p>\n","protected":false},"excerpt":{"rendered":"<p>Um comerciante da cidade de Cupira e a esposa sofreram um sequestro rel\u00e2mpago na noite desta segunda-feira (30), em Caruaru.&hellip;<\/p>\n","protected":false},"author":1,"featured_media":53466,"comment_status":"open","ping_status":"open","sticky":false,"template":"","format":"standard","meta":{"footnotes":""},"categories":[14121],"tags":[16881,17675],"class_list":["post-53465","post","type-post","status-publish","format-standard","has-post-thumbnail","hentry","category-policial","tag-caruaru-e-regiao","tag-comerciante-e-esposa-sofrem-sequestro-relampago-em-caruaru"],"_links":{"self":[{"href":"https:\/\/blogdoedvaldomagalhaes.com.br\/index.php\/wp-json\/wp\/v2\/posts\/53465","targetHints":{"allow":["GET"]}}],"collection":[{"href":"https:\/\/blogdoedvaldomagalhaes.com.br\/index.php\/wp-json\/wp\/v2\/posts"}],"about":[{"href":"https:\/\/blogdoedvaldomagalhaes.com.br\/index.php\/wp-json\/wp\/v2\/types\/post"}],"author":[{"embeddable":true,"href":"https:\/\/blogdoedvaldomagalhaes.com.br\/index.php\/wp-json\/wp\/v2\/users\/1"}],"replies":[{"embeddable":true,"href":"https:\/\/blogdoedvaldomagalhaes.com.br\/index.php\/wp-json\/wp\/v2\/comments?post=53465"}],"version-history":[{"count":1,"href":"https:\/\/blogdoedvaldomagalhaes.com.br\/index.php\/wp-json\/wp\/v2\/posts\/53465\/revisions"}],"predecessor-version":[{"id":53467,"href":"https:\/\/blogdoedvaldomagalhaes.com.br\/index.php\/wp-json\/wp\/v2\/posts\/53465\/revisions\/53467"}],"wp:featuredmedia":[{"embeddable":true,"href":"https:\/\/blogdoedvaldomagalhaes.com.br\/index.php\/wp-json\/wp\/v2\/media\/53466"}],"wp:attachment":[{"href":"https:\/\/blogdoedvaldomagalhaes.com.br\/index.php\/wp-json\/wp\/v2\/media?parent=53465"}],"wp:term":[{"taxonomy":"category","embeddable":true,"href":"https:\/\/blogdoedvaldomagalhaes.com.br\/index.php\/wp-json\/wp\/v2\/categories?post=53465"},{"taxonomy":"post_tag","embeddable":true,"href":"https:\/\/blogdoedvaldomagalhaes.com.br\/index.php\/wp-json\/wp\/v2\/tags?post=53465"}],"curies":[{"name":"wp","href":"https:\/\/api.w.org\/{rel}","templated":true}]}}