{"id":53462,"date":"2020-03-30T20:21:58","date_gmt":"2020-03-30T23:21:58","guid":{"rendered":"http:\/\/blogdoedvaldomagalhaes.com.br\/?p=53462"},"modified":"2020-03-30T20:22:01","modified_gmt":"2020-03-30T23:22:01","slug":"coronavirus-no-brasil-aumentam-mortes-e-casos-confirmados","status":"publish","type":"post","link":"https:\/\/blogdoedvaldomagalhaes.com.br\/index.php\/2020\/03\/30\/coronavirus-no-brasil-aumentam-mortes-e-casos-confirmados\/","title":{"rendered":"Coronav\u00edrus no Brasil: aumentam mortes e casos confirmados"},"content":{"rendered":"<p style=\"text-align: justify;\">Subiu para 4.579 o n\u00famero de casos confirmados de coronav\u00edrus no Brasil. O n\u00famero de \u00f3bitos tamb\u00e9m aumentou, agora s\u00e3o 159. A maior parte est\u00e1 em S\u00e3o Paulo, que concentra 113 mortes e lidera a lista nacional com 1.517 casos confirmados. Os n\u00fameros est\u00e3o consolidados com as informa\u00e7\u00f5es que foram repassadas pelas Secretarias Estaduais de Sa\u00fade ao Minist\u00e9rio da Sa\u00fade at\u00e9 as 15h desta segunda-feira (30).<\/p>\n<p style=\"text-align: justify;\">As informa\u00e7\u00f5es foram passadas pelo ministro da Sa\u00fade, Luiz Henrique Mandetta, durante coletiva de imprensa na tarde desta segunda-feira (30) no Pal\u00e1cio do Planalto, em Bras\u00edlia, que tamb\u00e9m contou com a participa\u00e7\u00e3o dos ministros da Casa Civil, Braga Netto; da Infraestrutura, Tarc\u00edsio Gomes de Freitas; da Advocacia-Geral da Uni\u00e3o (AGU), Andr\u00e9 Luiz de Almeida Mendon\u00e7a e da Economia, Paulo Guedes.<\/p>\n<p style=\"text-align: justify;\">As mortes est\u00e3o localizadas nos estados do Amazonas (1), Bahia (1), Cear\u00e1 (5), Maranh\u00e3o (1), Pernambuco (6), Piau\u00ed (3), Rio Grande do Norte (1), Minas Gerais (1), Rio de Janeiro (18), S\u00e3o Paulo (113), Distrito Federal (1), Goi\u00e1s (1), Paran\u00e1 (3), Rio Grande do Sul (3) e Santa Catarina (1).<\/p>\n<p style=\"text-align: justify;\">\u201cN\u00f3s vamos continuar seguindo o que a ci\u00eancia e a medicina recomendam. Precisamos manter o foco e a paci\u00eancia. Este \u00e9 o momento que temos para estruturar melhor o Brasil, para que nossos profissionais de sa\u00fade tenham condi\u00e7\u00f5es de atender com seguran\u00e7a os casos e para que os pacientes infectados pelo coronav\u00edrus recebam o melhor tratamento poss\u00edvel. Ainda n\u00e3o \u00e9 momento de isolamento total, mas se voc\u00ea puder evitar ao m\u00e1ximo sair de casa o fa\u00e7a. Ajude a proteger voc\u00ea, a sua fam\u00edlia e os nossos idosos\u201d, destacou o ministro da Sa\u00fade, Luiz Henrique Mandetta.<\/p>\n<p>Foto: Reprodu\u00e7\u00e3o\/Internet.<\/p>\n","protected":false},"excerpt":{"rendered":"<p>Subiu para 4.579 o n\u00famero de casos confirmados de coronav\u00edrus no Brasil. O n\u00famero de \u00f3bitos tamb\u00e9m aumentou, agora s\u00e3o&hellip;<\/p>\n","protected":false},"author":1,"featured_media":53463,"comment_status":"open","ping_status":"open","sticky":false,"template":"","format":"standard","meta":{"footnotes":""},"categories":[14120],"tags":[2,16881,17674],"class_list":["post-53462","post","type-post","status-publish","format-standard","has-post-thumbnail","hentry","category-noticias","tag-blog-do-edvaldo-magalhaes","tag-caruaru-e-regiao","tag-coronavirus-no-brasil-aumentam-mortes-e-casos-confirmados"],"_links":{"self":[{"href":"https:\/\/blogdoedvaldomagalhaes.com.br\/index.php\/wp-json\/wp\/v2\/posts\/53462","targetHints":{"allow":["GET"]}}],"collection":[{"href":"https:\/\/blogdoedvaldomagalhaes.com.br\/index.php\/wp-json\/wp\/v2\/posts"}],"about":[{"href":"https:\/\/blogdoedvaldomagalhaes.com.br\/index.php\/wp-json\/wp\/v2\/types\/post"}],"author":[{"embeddable":true,"href":"https:\/\/blogdoedvaldomagalhaes.com.br\/index.php\/wp-json\/wp\/v2\/users\/1"}],"replies":[{"embeddable":true,"href":"https:\/\/blogdoedvaldomagalhaes.com.br\/index.php\/wp-json\/wp\/v2\/comments?post=53462"}],"version-history":[{"count":1,"href":"https:\/\/blogdoedvaldomagalhaes.com.br\/index.php\/wp-json\/wp\/v2\/posts\/53462\/revisions"}],"predecessor-version":[{"id":53464,"href":"https:\/\/blogdoedvaldomagalhaes.com.br\/index.php\/wp-json\/wp\/v2\/posts\/53462\/revisions\/53464"}],"wp:featuredmedia":[{"embeddable":true,"href":"https:\/\/blogdoedvaldomagalhaes.com.br\/index.php\/wp-json\/wp\/v2\/media\/53463"}],"wp:attachment":[{"href":"https:\/\/blogdoedvaldomagalhaes.com.br\/index.php\/wp-json\/wp\/v2\/media?parent=53462"}],"wp:term":[{"taxonomy":"category","embeddable":true,"href":"https:\/\/blogdoedvaldomagalhaes.com.br\/index.php\/wp-json\/wp\/v2\/categories?post=53462"},{"taxonomy":"post_tag","embeddable":true,"href":"https:\/\/blogdoedvaldomagalhaes.com.br\/index.php\/wp-json\/wp\/v2\/tags?post=53462"}],"curies":[{"name":"wp","href":"https:\/\/api.w.org\/{rel}","templated":true}]}}