{"id":53457,"date":"2020-03-30T19:29:47","date_gmt":"2020-03-30T22:29:47","guid":{"rendered":"http:\/\/blogdoedvaldomagalhaes.com.br\/?p=53457"},"modified":"2020-03-30T19:57:31","modified_gmt":"2020-03-30T22:57:31","slug":"senado-aprova-auxilio-emergencial-de-r-600-para-trabalhadores-informais","status":"publish","type":"post","link":"https:\/\/blogdoedvaldomagalhaes.com.br\/index.php\/2020\/03\/30\/senado-aprova-auxilio-emergencial-de-r-600-para-trabalhadores-informais\/","title":{"rendered":"Senado aprova aux\u00edlio emergencial de R$ 600 para trabalhadores informais"},"content":{"rendered":"<p style=\"text-align: justify;\">O Senado aprovou nesta 2\u00aa feira (30) o aux\u00edlio emergencial de R$ 600 para trabalhadores informais durante 3 meses para enfrentar a crise decorrente da pandemia do coronav\u00edrus. O projeto recebeu 79 votos favor\u00e1veis, unanimidade entre os senadores que participaram da sess\u00e3o. Para<span style=\"font-size: inherit;\"> evitar que o texto voltasse \u00e0 C\u00e2mara dos Deputados, os senadores n\u00e3o fizeram mudan\u00e7as no projeto. A mat\u00e9ria segue \u00e0 san\u00e7\u00e3o do presidente Jair Bolsonaro.<\/span><\/p>\n<p style=\"text-align: justify;\">O benef\u00edcio ser\u00e1 destinado a cidad\u00e3os maiores de idade sem emprego formal, mas na condi\u00e7\u00e3o de trabalhadores informais, microempreendedores individuais (MEI) ou contribuintes da Previd\u00eancia Social. Tamb\u00e9m \u00e9 necess\u00e1rio ter renda familiar mensal inferior a meio sal\u00e1rio m\u00ednimo per capita ou tr\u00eas sal\u00e1rios m\u00ednimos no total, al\u00e9m de n\u00e3o ser benefici\u00e1rio de outros programas sociais ou do seguro-desemprego.<\/p>\n<p style=\"text-align: justify;\">O valor poder\u00e1 ser acumulado por at\u00e9 dois membros de uma mesma fam\u00edlia, chegando a R$ 1.200. Depois da san\u00e7\u00e3o, o in\u00edcio dos pagamentos depender\u00e1 de regulamenta\u00e7\u00e3o do Poder Executivo. O trabalhador informal n\u00e3o pode receber benef\u00edcio de outro programa de transfer\u00eancia de renda federal a n\u00e3o ser o Bolsa Fam\u00edlia.<\/p>\n","protected":false},"excerpt":{"rendered":"<p>O Senado aprovou nesta 2\u00aa feira (30) o aux\u00edlio emergencial de R$ 600 para trabalhadores informais durante 3 meses para&hellip;<\/p>\n","protected":false},"author":1,"featured_media":53460,"comment_status":"open","ping_status":"open","sticky":false,"template":"","format":"standard","meta":{"footnotes":""},"categories":[14122],"tags":[2,16881,17673],"class_list":["post-53457","post","type-post","status-publish","format-standard","has-post-thumbnail","hentry","category-politica","tag-blog-do-edvaldo-magalhaes","tag-caruaru-e-regiao","tag-senado-aprova-auxilio-emergencial-de-r-600-para-trabalhadores-informais"],"_links":{"self":[{"href":"https:\/\/blogdoedvaldomagalhaes.com.br\/index.php\/wp-json\/wp\/v2\/posts\/53457","targetHints":{"allow":["GET"]}}],"collection":[{"href":"https:\/\/blogdoedvaldomagalhaes.com.br\/index.php\/wp-json\/wp\/v2\/posts"}],"about":[{"href":"https:\/\/blogdoedvaldomagalhaes.com.br\/index.php\/wp-json\/wp\/v2\/types\/post"}],"author":[{"embeddable":true,"href":"https:\/\/blogdoedvaldomagalhaes.com.br\/index.php\/wp-json\/wp\/v2\/users\/1"}],"replies":[{"embeddable":true,"href":"https:\/\/blogdoedvaldomagalhaes.com.br\/index.php\/wp-json\/wp\/v2\/comments?post=53457"}],"version-history":[{"count":3,"href":"https:\/\/blogdoedvaldomagalhaes.com.br\/index.php\/wp-json\/wp\/v2\/posts\/53457\/revisions"}],"predecessor-version":[{"id":53461,"href":"https:\/\/blogdoedvaldomagalhaes.com.br\/index.php\/wp-json\/wp\/v2\/posts\/53457\/revisions\/53461"}],"wp:featuredmedia":[{"embeddable":true,"href":"https:\/\/blogdoedvaldomagalhaes.com.br\/index.php\/wp-json\/wp\/v2\/media\/53460"}],"wp:attachment":[{"href":"https:\/\/blogdoedvaldomagalhaes.com.br\/index.php\/wp-json\/wp\/v2\/media?parent=53457"}],"wp:term":[{"taxonomy":"category","embeddable":true,"href":"https:\/\/blogdoedvaldomagalhaes.com.br\/index.php\/wp-json\/wp\/v2\/categories?post=53457"},{"taxonomy":"post_tag","embeddable":true,"href":"https:\/\/blogdoedvaldomagalhaes.com.br\/index.php\/wp-json\/wp\/v2\/tags?post=53457"}],"curies":[{"name":"wp","href":"https:\/\/api.w.org\/{rel}","templated":true}]}}