{"id":53453,"date":"2020-03-30T18:08:13","date_gmt":"2020-03-30T21:08:13","guid":{"rendered":"http:\/\/blogdoedvaldomagalhaes.com.br\/?p=53453"},"modified":"2020-03-30T18:08:17","modified_gmt":"2020-03-30T21:08:17","slug":"sobe-para-6-mortes-por-coronavirus-e-aumentam-casos-suspeitos-em-pernambuco","status":"publish","type":"post","link":"https:\/\/blogdoedvaldomagalhaes.com.br\/index.php\/2020\/03\/30\/sobe-para-6-mortes-por-coronavirus-e-aumentam-casos-suspeitos-em-pernambuco\/","title":{"rendered":"Sobe para 6 mortes por coronav\u00edrus e aumentam casos suspeitos em Pernambuco"},"content":{"rendered":"<p style=\"text-align: justify;\">No boletim desta segunda-feira (30\/03), a Secretaria Estadual de Sa\u00fade de Pernambuco (SES-PE) anunciou quatro novos casos da Covid-19 no Estado, totalizando 77 confirma\u00e7\u00f5es. Mais dois pacientes apresentaram cura cl\u00ednica, somando 13 casos recuperados. Nas \u00faltimas 24h, ocorreu mais um \u00f3bito pelo Novo Coronav\u00edrus &#8211; um homem de 62 anos, que deu entrada no Hospital dos Servidores do Estado (HSE) na \u00faltima quarta (25), depois de ser encaminhado por uma unidade de sa\u00fade do munic\u00edpio de Goiana. Com quadro de infec\u00e7\u00e3o no trato respirat\u00f3rio, o homem faleceu neste domingo (29). At\u00e9 agora, h\u00e1 6 mortes por Covid-19 confirmadas em Pernambuco.<\/p>\n<p style=\"text-align: justify;\">Os casos confirmados s\u00e3o do Recife (52), Jaboat\u00e3o dos Guararapes (6), Olinda (5), Petrolina (2), Camaragibe (1), Fernando de Noronha (1), S\u00e3o Louren\u00e7o da Mata (1), Palmares (1), Belo Jardim (1), Caruaru (1), Goiana (1), al\u00e9m de outros Estados (2) e outros pa\u00edses (3).<br \/>\n\u2800\u2800\u2800<br \/>\n\u00c9 muito importante que a popula\u00e7\u00e3o siga as orienta\u00e7\u00f5es das autoridades sanit\u00e1rias e especialistas. Fiquem em casa, saindo apenas se for extremamente necess\u00e1rio, e lembrem-se de manter os cuidados de higiene e isolamento social.<br \/>\n\u2800\u2800\u2800<br \/>\nDados atualizados ao meio dia desta segunda (30\/03).<\/p>\n","protected":false},"excerpt":{"rendered":"<p>No boletim desta segunda-feira (30\/03), a Secretaria Estadual de Sa\u00fade de Pernambuco (SES-PE) anunciou quatro novos casos da Covid-19 no&hellip;<\/p>\n","protected":false},"author":1,"featured_media":53454,"comment_status":"open","ping_status":"open","sticky":false,"template":"","format":"standard","meta":{"footnotes":""},"categories":[14120],"tags":[2,16881,17672],"class_list":["post-53453","post","type-post","status-publish","format-standard","has-post-thumbnail","hentry","category-noticias","tag-blog-do-edvaldo-magalhaes","tag-caruaru-e-regiao","tag-sobe-para-6-mortes-por-coronavirus-e-aumentam-casos-suspeitos-em-pernambuco"],"_links":{"self":[{"href":"https:\/\/blogdoedvaldomagalhaes.com.br\/index.php\/wp-json\/wp\/v2\/posts\/53453","targetHints":{"allow":["GET"]}}],"collection":[{"href":"https:\/\/blogdoedvaldomagalhaes.com.br\/index.php\/wp-json\/wp\/v2\/posts"}],"about":[{"href":"https:\/\/blogdoedvaldomagalhaes.com.br\/index.php\/wp-json\/wp\/v2\/types\/post"}],"author":[{"embeddable":true,"href":"https:\/\/blogdoedvaldomagalhaes.com.br\/index.php\/wp-json\/wp\/v2\/users\/1"}],"replies":[{"embeddable":true,"href":"https:\/\/blogdoedvaldomagalhaes.com.br\/index.php\/wp-json\/wp\/v2\/comments?post=53453"}],"version-history":[{"count":1,"href":"https:\/\/blogdoedvaldomagalhaes.com.br\/index.php\/wp-json\/wp\/v2\/posts\/53453\/revisions"}],"predecessor-version":[{"id":53455,"href":"https:\/\/blogdoedvaldomagalhaes.com.br\/index.php\/wp-json\/wp\/v2\/posts\/53453\/revisions\/53455"}],"wp:featuredmedia":[{"embeddable":true,"href":"https:\/\/blogdoedvaldomagalhaes.com.br\/index.php\/wp-json\/wp\/v2\/media\/53454"}],"wp:attachment":[{"href":"https:\/\/blogdoedvaldomagalhaes.com.br\/index.php\/wp-json\/wp\/v2\/media?parent=53453"}],"wp:term":[{"taxonomy":"category","embeddable":true,"href":"https:\/\/blogdoedvaldomagalhaes.com.br\/index.php\/wp-json\/wp\/v2\/categories?post=53453"},{"taxonomy":"post_tag","embeddable":true,"href":"https:\/\/blogdoedvaldomagalhaes.com.br\/index.php\/wp-json\/wp\/v2\/tags?post=53453"}],"curies":[{"name":"wp","href":"https:\/\/api.w.org\/{rel}","templated":true}]}}