{"id":53450,"date":"2020-03-30T17:01:30","date_gmt":"2020-03-30T20:01:30","guid":{"rendered":"http:\/\/blogdoedvaldomagalhaes.com.br\/?p=53450"},"modified":"2020-03-30T17:01:34","modified_gmt":"2020-03-30T20:01:34","slug":"tony-gel-propos-ao-governador-utilizar-o-hospital-da-mulher-de-caruaru-para-atender-casos-do-coronavirus","status":"publish","type":"post","link":"https:\/\/blogdoedvaldomagalhaes.com.br\/index.php\/2020\/03\/30\/tony-gel-propos-ao-governador-utilizar-o-hospital-da-mulher-de-caruaru-para-atender-casos-do-coronavirus\/","title":{"rendered":"Tony Gel prop\u00f4s ao governador utilizar o Hospital da Mulher de Caruaru para atender casos do Coronav\u00edrus"},"content":{"rendered":"<p style=\"text-align: justify;\">O deputado estadual Tony Gel (MDB) segue apresentando sugest\u00f5es ao Governo do Estado, visando o combate ao Coronav\u00edrus.<\/p>\n<p style=\"text-align: justify;\">O parlamentar prop\u00f4s ao Governador Paulo C\u00e2mara e ao Secret\u00e1rio de Sa\u00fade, Andr\u00e9 Longo, a utiliza\u00e7\u00e3o do Hospital da Mulher de Caruaru para abrigar pacientes com casos de Coronav\u00edrus.<\/p>\n<p style=\"text-align: justify;\">Tony Gel sugeriu que uma estrutura fosse montada na parte do hospital que j\u00e1 est\u00e1 conclu\u00edda. A sugest\u00e3o foi dada h\u00e1 quinze dias durante reuni\u00e3o com o governador Paulo C\u00e2mara no Pal\u00e1cio do Campo das Princesas.<\/p>\n\n\n<figure class=\"wp-block-image size-large\"><img loading=\"lazy\" decoding=\"async\" width=\"1024\" height=\"642\" src=\"http:\/\/blogdoedvaldomagalhaes.com.br\/wp-content\/uploads\/2020\/03\/IMG-20200330-WA0200-1024x642.jpg\" alt=\"\" class=\"wp-image-53451\" srcset=\"https:\/\/blogdoedvaldomagalhaes.com.br\/wp-content\/uploads\/2020\/03\/IMG-20200330-WA0200-1024x642.jpg 1024w, https:\/\/blogdoedvaldomagalhaes.com.br\/wp-content\/uploads\/2020\/03\/IMG-20200330-WA0200-300x188.jpg 300w, https:\/\/blogdoedvaldomagalhaes.com.br\/wp-content\/uploads\/2020\/03\/IMG-20200330-WA0200-768x481.jpg 768w, https:\/\/blogdoedvaldomagalhaes.com.br\/wp-content\/uploads\/2020\/03\/IMG-20200330-WA0200.jpg 1080w\" sizes=\"auto, (max-width: 1024px) 100vw, 1024px\" \/><\/figure>\n","protected":false},"excerpt":{"rendered":"<p>O deputado estadual Tony Gel (MDB) segue apresentando sugest\u00f5es ao Governo do Estado, visando o combate ao Coronav\u00edrus. O parlamentar&hellip;<\/p>\n","protected":false},"author":1,"featured_media":53335,"comment_status":"open","ping_status":"open","sticky":false,"template":"","format":"standard","meta":{"footnotes":""},"categories":[14122],"tags":[2,16881,17671],"class_list":["post-53450","post","type-post","status-publish","format-standard","has-post-thumbnail","hentry","category-politica","tag-blog-do-edvaldo-magalhaes","tag-caruaru-e-regiao","tag-tony-gel-propos-ao-governador-utilizar-o-hospital-da-mulher-de-caruaru-para-atender-casos-do-coronavirus"],"_links":{"self":[{"href":"https:\/\/blogdoedvaldomagalhaes.com.br\/index.php\/wp-json\/wp\/v2\/posts\/53450","targetHints":{"allow":["GET"]}}],"collection":[{"href":"https:\/\/blogdoedvaldomagalhaes.com.br\/index.php\/wp-json\/wp\/v2\/posts"}],"about":[{"href":"https:\/\/blogdoedvaldomagalhaes.com.br\/index.php\/wp-json\/wp\/v2\/types\/post"}],"author":[{"embeddable":true,"href":"https:\/\/blogdoedvaldomagalhaes.com.br\/index.php\/wp-json\/wp\/v2\/users\/1"}],"replies":[{"embeddable":true,"href":"https:\/\/blogdoedvaldomagalhaes.com.br\/index.php\/wp-json\/wp\/v2\/comments?post=53450"}],"version-history":[{"count":1,"href":"https:\/\/blogdoedvaldomagalhaes.com.br\/index.php\/wp-json\/wp\/v2\/posts\/53450\/revisions"}],"predecessor-version":[{"id":53452,"href":"https:\/\/blogdoedvaldomagalhaes.com.br\/index.php\/wp-json\/wp\/v2\/posts\/53450\/revisions\/53452"}],"wp:featuredmedia":[{"embeddable":true,"href":"https:\/\/blogdoedvaldomagalhaes.com.br\/index.php\/wp-json\/wp\/v2\/media\/53335"}],"wp:attachment":[{"href":"https:\/\/blogdoedvaldomagalhaes.com.br\/index.php\/wp-json\/wp\/v2\/media?parent=53450"}],"wp:term":[{"taxonomy":"category","embeddable":true,"href":"https:\/\/blogdoedvaldomagalhaes.com.br\/index.php\/wp-json\/wp\/v2\/categories?post=53450"},{"taxonomy":"post_tag","embeddable":true,"href":"https:\/\/blogdoedvaldomagalhaes.com.br\/index.php\/wp-json\/wp\/v2\/tags?post=53450"}],"curies":[{"name":"wp","href":"https:\/\/api.w.org\/{rel}","templated":true}]}}