{"id":53447,"date":"2020-03-30T12:29:13","date_gmt":"2020-03-30T15:29:13","guid":{"rendered":"http:\/\/blogdoedvaldomagalhaes.com.br\/?p=53447"},"modified":"2020-03-30T12:29:17","modified_gmt":"2020-03-30T15:29:17","slug":"camara-de-caruaru-se-reunira-por-videoconferencia-nesta-terca-31","status":"publish","type":"post","link":"https:\/\/blogdoedvaldomagalhaes.com.br\/index.php\/2020\/03\/30\/camara-de-caruaru-se-reunira-por-videoconferencia-nesta-terca-31\/","title":{"rendered":"C\u00e2mara de Caruaru se reunir\u00e1 por videoconfer\u00eancia nesta ter\u00e7a (31)"},"content":{"rendered":"<p style=\"text-align: justify;\"><span style=\"font-size: inherit;\">Por conta da pandemia de coronav\u00edrus que assola o pa\u00eds e o mundo, os 22 vereadores e a vereadora dever\u00e3o se reunir nesta ter\u00e7a-feira (31), \u00e0s 16h, atrav\u00e9s de videoconfer\u00eancia. O objetivo, \u00e9 votar a aprova\u00e7\u00e3o do sistema de delibera\u00e7\u00e3o remota, para que os parlamentares possam se reunir em car\u00e1ter excepcional em qualquer dia e hor\u00e1rio.\u00a0<\/span><\/p>\n<p style=\"text-align: justify;\">Nos pr\u00f3ximos dias, a expectativa \u00e9 de que o Poder Executivo tamb\u00e9m envie projetos para a Casa analisar e votar. A pauta, s\u00e3o as situa\u00e7\u00f5es envolvendo o munic\u00edpio e o combate ao coronav\u00edrus.<\/p>\n<p style=\"text-align: justify;\">A reuni\u00e3o desta ter\u00e7a, e as pr\u00f3ximas, poder\u00e3o ser acompanhadas normalmente pela popula\u00e7\u00e3o atrav\u00e9s da TV Web C\u00e2mara, nas redes sociais. As reuni\u00f5es das comiss\u00f5es permanentes da C\u00e2mara, que tamb\u00e9m dever\u00e3o se reunir online, tamb\u00e9m poder\u00e3o ser acompanhadas em tempo real.<\/p>\n<p style=\"text-align: justify;\">Foto: Vladimir Barreto<\/p>\n","protected":false},"excerpt":{"rendered":"<p>Por conta da pandemia de coronav\u00edrus que assola o pa\u00eds e o mundo, os 22 vereadores e a vereadora dever\u00e3o&hellip;<\/p>\n","protected":false},"author":1,"featured_media":53448,"comment_status":"open","ping_status":"open","sticky":false,"template":"","format":"standard","meta":{"footnotes":""},"categories":[14122],"tags":[2,17670,16881],"class_list":["post-53447","post","type-post","status-publish","format-standard","has-post-thumbnail","hentry","category-politica","tag-blog-do-edvaldo-magalhaes","tag-camara-de-caruaru-se-reunira-por-videoconferencia-nesta-terca-31","tag-caruaru-e-regiao"],"_links":{"self":[{"href":"https:\/\/blogdoedvaldomagalhaes.com.br\/index.php\/wp-json\/wp\/v2\/posts\/53447","targetHints":{"allow":["GET"]}}],"collection":[{"href":"https:\/\/blogdoedvaldomagalhaes.com.br\/index.php\/wp-json\/wp\/v2\/posts"}],"about":[{"href":"https:\/\/blogdoedvaldomagalhaes.com.br\/index.php\/wp-json\/wp\/v2\/types\/post"}],"author":[{"embeddable":true,"href":"https:\/\/blogdoedvaldomagalhaes.com.br\/index.php\/wp-json\/wp\/v2\/users\/1"}],"replies":[{"embeddable":true,"href":"https:\/\/blogdoedvaldomagalhaes.com.br\/index.php\/wp-json\/wp\/v2\/comments?post=53447"}],"version-history":[{"count":1,"href":"https:\/\/blogdoedvaldomagalhaes.com.br\/index.php\/wp-json\/wp\/v2\/posts\/53447\/revisions"}],"predecessor-version":[{"id":53449,"href":"https:\/\/blogdoedvaldomagalhaes.com.br\/index.php\/wp-json\/wp\/v2\/posts\/53447\/revisions\/53449"}],"wp:featuredmedia":[{"embeddable":true,"href":"https:\/\/blogdoedvaldomagalhaes.com.br\/index.php\/wp-json\/wp\/v2\/media\/53448"}],"wp:attachment":[{"href":"https:\/\/blogdoedvaldomagalhaes.com.br\/index.php\/wp-json\/wp\/v2\/media?parent=53447"}],"wp:term":[{"taxonomy":"category","embeddable":true,"href":"https:\/\/blogdoedvaldomagalhaes.com.br\/index.php\/wp-json\/wp\/v2\/categories?post=53447"},{"taxonomy":"post_tag","embeddable":true,"href":"https:\/\/blogdoedvaldomagalhaes.com.br\/index.php\/wp-json\/wp\/v2\/tags?post=53447"}],"curies":[{"name":"wp","href":"https:\/\/api.w.org\/{rel}","templated":true}]}}