{"id":53444,"date":"2020-03-30T12:21:35","date_gmt":"2020-03-30T15:21:35","guid":{"rendered":"http:\/\/blogdoedvaldomagalhaes.com.br\/?p=53444"},"modified":"2020-03-30T12:23:47","modified_gmt":"2020-03-30T15:23:47","slug":"vacina-contra-gripe-retomada-nesta-segunda-feira-30-em-caruaru","status":"publish","type":"post","link":"https:\/\/blogdoedvaldomagalhaes.com.br\/index.php\/2020\/03\/30\/vacina-contra-gripe-retomada-nesta-segunda-feira-30-em-caruaru\/","title":{"rendered":"Vacina contra gripe retomada nesta segunda-feira (30) em Caruaru"},"content":{"rendered":"<p style=\"text-align: justify;\"><span style=\"font-size: inherit;\">A Secretaria de Sa\u00fade de Caruaru recebeu novas doses da vacina do Minist\u00e9rio da Sa\u00fade e retoma a Campanha de Vacina\u00e7\u00e3o nesta segunda-feira (30), nas 74 equipes de sa\u00fade da fam\u00edlia e, amanh\u00e3 (31), no ponto de drive thru, que passa para o Shopping Difusora. A campanha volta a atender idosos e profissionais da sa\u00fade, nesta primeira etapa.<\/span><\/p>\n<p style=\"text-align: justify;\">Em virtude da pandemia do coronav\u00edrus, a procura pela vacina contra a influenza cresceu este ano, superando a expectativa em rela\u00e7\u00e3o aos anos anteriores. Na \u00faltima semana, mais de 20 mil pessoas, entre idosos acima de 60 anos e trabalhadores da sa\u00fade, j\u00e1 foram atendidos.<\/p>\n<p style=\"text-align: justify;\">\u201cA nova remessa de vacinas j\u00e1 chegou e vamos dar seguimento \u00e0 campanha de acordo com a estrat\u00e9gia que adotamos este ano para evitar aglomera\u00e7\u00f5es. A campanha ser\u00e1 feita por etapas, sempre a partir do recebimento das novas doses do imunobiol\u00f3gico pelo Governo Federal. N\u00e3o precisa de tumulto ou correria, pois a campanha de vacina\u00e7\u00e3o segue at\u00e9 o dia 15 de abril\u201d, explicou a coordenadora do Programa Nacional de Imuniza\u00e7\u00e3o \u2013 PNI, Sarah Rafael.<\/p>\n<p style=\"text-align: justify;\">Para se vacinar, o idoso deve levar o cart\u00e3o de vacina e documento de identidade, j\u00e1 profissional de sa\u00fade, al\u00e9m dos documentos j\u00e1 citados, tamb\u00e9m precisa levar declara\u00e7\u00e3o de v\u00ednculo de trabalho. As unidades b\u00e1sicas de sa\u00fade funcionam de segunda a sexta-feira, das 7h30 \u00e0s 17h.<\/p>\n<p style=\"text-align: justify;\">*Drive-Thru na ter\u00e7a-feira (31)*<br \/>\nA vacina\u00e7\u00e3o sem precisar sair do autom\u00f3vel ser\u00e1 realizada, nesta ter\u00e7a-feira (31), das 8h \u00e0s 17h, no estacionamento do subsolo do Shopping Difusora, localizado na Avenida na Avenida Agamenon Magalh\u00e3es, 444, no bairro Maur\u00edcio de Nassau.<\/p>\n<p style=\"text-align: justify;\">Vacina\u00e7\u00e3o noturna<br \/>\nTamb\u00e9m haver\u00e1 vacina\u00e7\u00e3o noturna, no per\u00edodo de 17h \u00e0s 19h, diariamente, nos postos de sa\u00fade da fam\u00edlia: Vassoural I, II e III, S\u00e3o Jo\u00e3o da Esc\u00f3cia I, III e IV e Santa Rosa II, III e IV. Nas segundas e quartas no PSF Nova Caruaru; nas ter\u00e7as e quintas no PSF Rendeiras; nas quartas e quintas, no PSF Sinhazinha e nas quartas-feiras, no PSF Maria Auxiliadora.<\/p>\n<p style=\"text-align: justify;\">Idosos acamados e acima de 80 anos<br \/>\nOs idosos acamados e acima de 80 anos ser\u00e3o imunizados em casa, mediante agendamento pr\u00e9vio de seus familiares atrav\u00e9s do telefone: (81) 3723.5267.<\/p>\n","protected":false},"excerpt":{"rendered":"<p>A Secretaria de Sa\u00fade de Caruaru recebeu novas doses da vacina do Minist\u00e9rio da Sa\u00fade e retoma a Campanha de&hellip;<\/p>\n","protected":false},"author":1,"featured_media":53445,"comment_status":"open","ping_status":"open","sticky":false,"template":"","format":"standard","meta":{"footnotes":""},"categories":[14120],"tags":[2,16881,17669],"class_list":["post-53444","post","type-post","status-publish","format-standard","has-post-thumbnail","hentry","category-noticias","tag-blog-do-edvaldo-magalhaes","tag-caruaru-e-regiao","tag-vacina-contra-gripe-retomada-nesta-segunda-feira-30-em-caruaru"],"_links":{"self":[{"href":"https:\/\/blogdoedvaldomagalhaes.com.br\/index.php\/wp-json\/wp\/v2\/posts\/53444","targetHints":{"allow":["GET"]}}],"collection":[{"href":"https:\/\/blogdoedvaldomagalhaes.com.br\/index.php\/wp-json\/wp\/v2\/posts"}],"about":[{"href":"https:\/\/blogdoedvaldomagalhaes.com.br\/index.php\/wp-json\/wp\/v2\/types\/post"}],"author":[{"embeddable":true,"href":"https:\/\/blogdoedvaldomagalhaes.com.br\/index.php\/wp-json\/wp\/v2\/users\/1"}],"replies":[{"embeddable":true,"href":"https:\/\/blogdoedvaldomagalhaes.com.br\/index.php\/wp-json\/wp\/v2\/comments?post=53444"}],"version-history":[{"count":1,"href":"https:\/\/blogdoedvaldomagalhaes.com.br\/index.php\/wp-json\/wp\/v2\/posts\/53444\/revisions"}],"predecessor-version":[{"id":53446,"href":"https:\/\/blogdoedvaldomagalhaes.com.br\/index.php\/wp-json\/wp\/v2\/posts\/53444\/revisions\/53446"}],"wp:featuredmedia":[{"embeddable":true,"href":"https:\/\/blogdoedvaldomagalhaes.com.br\/index.php\/wp-json\/wp\/v2\/media\/53445"}],"wp:attachment":[{"href":"https:\/\/blogdoedvaldomagalhaes.com.br\/index.php\/wp-json\/wp\/v2\/media?parent=53444"}],"wp:term":[{"taxonomy":"category","embeddable":true,"href":"https:\/\/blogdoedvaldomagalhaes.com.br\/index.php\/wp-json\/wp\/v2\/categories?post=53444"},{"taxonomy":"post_tag","embeddable":true,"href":"https:\/\/blogdoedvaldomagalhaes.com.br\/index.php\/wp-json\/wp\/v2\/tags?post=53444"}],"curies":[{"name":"wp","href":"https:\/\/api.w.org\/{rel}","templated":true}]}}