{"id":53440,"date":"2020-03-30T09:22:14","date_gmt":"2020-03-30T12:22:14","guid":{"rendered":"http:\/\/blogdoedvaldomagalhaes.com.br\/?p=53440"},"modified":"2020-03-30T09:28:06","modified_gmt":"2020-03-30T12:28:06","slug":"confira-o-volume-dagua-das-barragens-de-jucazinho-e-prata-apos-ultimas-chuvas","status":"publish","type":"post","link":"https:\/\/blogdoedvaldomagalhaes.com.br\/index.php\/2020\/03\/30\/confira-o-volume-dagua-das-barragens-de-jucazinho-e-prata-apos-ultimas-chuvas\/","title":{"rendered":"Confira o volume d&#8217;\u00e1gua das barragens de Jucazinho e Prata ap\u00f3s \u00faltimas chuvas"},"content":{"rendered":"<p style=\"text-align: justify;\">Na manh\u00e3 desta segunda-feira (30), o Blog do Edvaldo Magalh\u00e3es fez um levantamento do volume de \u00e1gua nos mananciais que abastecem Caruaru. A barragem de Jucazinho, em Surubim, est\u00e1 con 21% de sua capacidade, sendo um volume de 42 milh\u00f5es de metros c\u00fabicos, enquanto a barragem do Prata, no munic\u00edpio de Bonito, est\u00e1 com 61% de sua capacidade, sendo 25 milh\u00f5es de metros c\u00fabicos.<\/p>\n<p style=\"text-align: justify;\">A barragem de Jucazinho que tinha capacidade para acumular 327 milh\u00f5es de metros c\u00fabicos de \u00e1gua, agora pode acumular at\u00e9 204 milh\u00f5es de metros c\u00fabicos de \u00e1gua. J\u00e1 a barragem do Prata, pode acumular at\u00e9 42 milh\u00f5es de metros c\u00fabicos de \u00e1gua.<\/p>\n","protected":false},"excerpt":{"rendered":"<p>Na manh\u00e3 desta segunda-feira (30), o Blog do Edvaldo Magalh\u00e3es fez um levantamento do volume de \u00e1gua nos mananciais que&hellip;<\/p>\n","protected":false},"author":1,"featured_media":53441,"comment_status":"open","ping_status":"open","sticky":false,"template":"","format":"standard","meta":{"footnotes":""},"categories":[14120],"tags":[2,16881],"class_list":["post-53440","post","type-post","status-publish","format-standard","has-post-thumbnail","hentry","category-noticias","tag-blog-do-edvaldo-magalhaes","tag-caruaru-e-regiao"],"_links":{"self":[{"href":"https:\/\/blogdoedvaldomagalhaes.com.br\/index.php\/wp-json\/wp\/v2\/posts\/53440","targetHints":{"allow":["GET"]}}],"collection":[{"href":"https:\/\/blogdoedvaldomagalhaes.com.br\/index.php\/wp-json\/wp\/v2\/posts"}],"about":[{"href":"https:\/\/blogdoedvaldomagalhaes.com.br\/index.php\/wp-json\/wp\/v2\/types\/post"}],"author":[{"embeddable":true,"href":"https:\/\/blogdoedvaldomagalhaes.com.br\/index.php\/wp-json\/wp\/v2\/users\/1"}],"replies":[{"embeddable":true,"href":"https:\/\/blogdoedvaldomagalhaes.com.br\/index.php\/wp-json\/wp\/v2\/comments?post=53440"}],"version-history":[{"count":2,"href":"https:\/\/blogdoedvaldomagalhaes.com.br\/index.php\/wp-json\/wp\/v2\/posts\/53440\/revisions"}],"predecessor-version":[{"id":53443,"href":"https:\/\/blogdoedvaldomagalhaes.com.br\/index.php\/wp-json\/wp\/v2\/posts\/53440\/revisions\/53443"}],"wp:featuredmedia":[{"embeddable":true,"href":"https:\/\/blogdoedvaldomagalhaes.com.br\/index.php\/wp-json\/wp\/v2\/media\/53441"}],"wp:attachment":[{"href":"https:\/\/blogdoedvaldomagalhaes.com.br\/index.php\/wp-json\/wp\/v2\/media?parent=53440"}],"wp:term":[{"taxonomy":"category","embeddable":true,"href":"https:\/\/blogdoedvaldomagalhaes.com.br\/index.php\/wp-json\/wp\/v2\/categories?post=53440"},{"taxonomy":"post_tag","embeddable":true,"href":"https:\/\/blogdoedvaldomagalhaes.com.br\/index.php\/wp-json\/wp\/v2\/tags?post=53440"}],"curies":[{"name":"wp","href":"https:\/\/api.w.org\/{rel}","templated":true}]}}