{"id":53432,"date":"2020-03-29T19:41:36","date_gmt":"2020-03-29T22:41:36","guid":{"rendered":"http:\/\/blogdoedvaldomagalhaes.com.br\/?p=53432"},"modified":"2020-03-29T20:48:53","modified_gmt":"2020-03-29T23:48:53","slug":"homicidio-em-caruaru-homem-baleado-na-vila-cipo-morre-no-hra","status":"publish","type":"post","link":"https:\/\/blogdoedvaldomagalhaes.com.br\/index.php\/2020\/03\/29\/homicidio-em-caruaru-homem-baleado-na-vila-cipo-morre-no-hra\/","title":{"rendered":"Homic\u00eddio em Caruaru: Homem baleado na Vila Cip\u00f3, morre no HRA"},"content":{"rendered":"<p style=\"text-align: justify;\"><span style=\"font-size: inherit;\">Na tarde deste domingo (29), Johnny de Lima, 26 anos de idade, foi alvejado por disparos de arma de fogo, quando estava na Vila Cip\u00f3, zona rural de Caruaru. A v\u00edtima foi socorrida por uma equipe do Samu, para o Hospital Regional do Agreste (HRA), mas n\u00e3o resistiu aos ferimentos.<\/span><\/p>\n<p style=\"text-align: justify;\"><span style=\"font-size: inherit;\">A Pol\u00edcia Civil iniciou as investiga\u00e7\u00f5es, para descobrir a autoria e o motivo do crime.\u00a0<\/span><\/p>\n<p style=\"text-align: justify;\">Este foi o 10\u00b0 homic\u00eddio no m\u00eas de mar\u00e7o, e o 33\u00b0 do ano de 2020, em Caruaru.<\/p>\n<p>Foto: Reprodu\u00e7\u00e3o\/WhatsApp.<\/p>\n","protected":false},"excerpt":{"rendered":"<p>Na tarde deste domingo (29), Johnny de Lima, 26 anos de idade, foi alvejado por disparos de arma de fogo,&hellip;<\/p>\n","protected":false},"author":1,"featured_media":53433,"comment_status":"open","ping_status":"open","sticky":false,"template":"","format":"standard","meta":{"footnotes":""},"categories":[14121],"tags":[2,17667],"class_list":["post-53432","post","type-post","status-publish","format-standard","has-post-thumbnail","hentry","category-policial","tag-blog-do-edvaldo-magalhaes","tag-homicidio-em-caruaru-homem-baleado-na-vila-cipo"],"_links":{"self":[{"href":"https:\/\/blogdoedvaldomagalhaes.com.br\/index.php\/wp-json\/wp\/v2\/posts\/53432","targetHints":{"allow":["GET"]}}],"collection":[{"href":"https:\/\/blogdoedvaldomagalhaes.com.br\/index.php\/wp-json\/wp\/v2\/posts"}],"about":[{"href":"https:\/\/blogdoedvaldomagalhaes.com.br\/index.php\/wp-json\/wp\/v2\/types\/post"}],"author":[{"embeddable":true,"href":"https:\/\/blogdoedvaldomagalhaes.com.br\/index.php\/wp-json\/wp\/v2\/users\/1"}],"replies":[{"embeddable":true,"href":"https:\/\/blogdoedvaldomagalhaes.com.br\/index.php\/wp-json\/wp\/v2\/comments?post=53432"}],"version-history":[{"count":5,"href":"https:\/\/blogdoedvaldomagalhaes.com.br\/index.php\/wp-json\/wp\/v2\/posts\/53432\/revisions"}],"predecessor-version":[{"id":53439,"href":"https:\/\/blogdoedvaldomagalhaes.com.br\/index.php\/wp-json\/wp\/v2\/posts\/53432\/revisions\/53439"}],"wp:featuredmedia":[{"embeddable":true,"href":"https:\/\/blogdoedvaldomagalhaes.com.br\/index.php\/wp-json\/wp\/v2\/media\/53433"}],"wp:attachment":[{"href":"https:\/\/blogdoedvaldomagalhaes.com.br\/index.php\/wp-json\/wp\/v2\/media?parent=53432"}],"wp:term":[{"taxonomy":"category","embeddable":true,"href":"https:\/\/blogdoedvaldomagalhaes.com.br\/index.php\/wp-json\/wp\/v2\/categories?post=53432"},{"taxonomy":"post_tag","embeddable":true,"href":"https:\/\/blogdoedvaldomagalhaes.com.br\/index.php\/wp-json\/wp\/v2\/tags?post=53432"}],"curies":[{"name":"wp","href":"https:\/\/api.w.org\/{rel}","templated":true}]}}