{"id":53425,"date":"2020-03-29T17:42:18","date_gmt":"2020-03-29T20:42:18","guid":{"rendered":"http:\/\/blogdoedvaldomagalhaes.com.br\/?p=53425"},"modified":"2020-03-29T17:42:24","modified_gmt":"2020-03-29T20:42:24","slug":"sobe-numero-de-casos-confirmados-do-coronavirus-em-pernambuco","status":"publish","type":"post","link":"https:\/\/blogdoedvaldomagalhaes.com.br\/index.php\/2020\/03\/29\/sobe-numero-de-casos-confirmados-do-coronavirus-em-pernambuco\/","title":{"rendered":"Sobe n\u00famero de casos confirmados do coronav\u00edrus em Pernambuco"},"content":{"rendered":"<p style=\"text-align: justify;\">A Secretaria Estadual de Sa\u00fade de Pernambuco (SES-PE) anunciou, neste domingo (29\/03), 5 novos casos de Covid-19 no Estado, somando 73 confirma\u00e7\u00f5es. Mais dois pacientes apresentaram cura cl\u00ednica &#8211; s\u00e3o 11 casos recuperados. Nenhum \u00f3bito foi registrado nas \u00faltimas 24h. At\u00e9 agora, h\u00e1 5 mortes por Novo Coronav\u00edrus confirmadas.<br \/>\n\u2800\u2800\u2800<br \/>\nOs casos confirmados s\u00e3o do Recife (50), Jaboat\u00e3o dos Guararapes (6), Olinda (4), Petrolina (2), Camaragibe (1), Fernando de Noronha (1), S\u00e3o Louren\u00e7o da Mata (1), Belo Jardim (1), Caruaru (1), Goiana (1), al\u00e9m de outros Estados (2) e outros pa\u00edses (3).<br \/>\n\u2800\u2800\u2800<br \/>\nN\u00e3o \u00e9 o momento de relaxar! \u00c9 muito importante que a popula\u00e7\u00e3o fique em casa, saindo apenas se for realmente necess\u00e1rio, al\u00e9m de seguir as orienta\u00e7\u00f5es das autoridades sanit\u00e1rias e especialistas.<br \/>\n\u2800\u2800\u2800<br \/>\nDados atualizados ao meio dia deste domingo (29\/03).<\/p>\n","protected":false},"excerpt":{"rendered":"<p>A Secretaria Estadual de Sa\u00fade de Pernambuco (SES-PE) anunciou, neste domingo (29\/03), 5 novos casos de Covid-19 no Estado, somando&hellip;<\/p>\n","protected":false},"author":1,"featured_media":53426,"comment_status":"open","ping_status":"open","sticky":false,"template":"","format":"standard","meta":{"footnotes":""},"categories":[14120],"tags":[2,16881,17665],"class_list":["post-53425","post","type-post","status-publish","format-standard","has-post-thumbnail","hentry","category-noticias","tag-blog-do-edvaldo-magalhaes","tag-caruaru-e-regiao","tag-sobe-numero-de-casos-confirmados-do-coronavirus-em-pernambuco"],"_links":{"self":[{"href":"https:\/\/blogdoedvaldomagalhaes.com.br\/index.php\/wp-json\/wp\/v2\/posts\/53425","targetHints":{"allow":["GET"]}}],"collection":[{"href":"https:\/\/blogdoedvaldomagalhaes.com.br\/index.php\/wp-json\/wp\/v2\/posts"}],"about":[{"href":"https:\/\/blogdoedvaldomagalhaes.com.br\/index.php\/wp-json\/wp\/v2\/types\/post"}],"author":[{"embeddable":true,"href":"https:\/\/blogdoedvaldomagalhaes.com.br\/index.php\/wp-json\/wp\/v2\/users\/1"}],"replies":[{"embeddable":true,"href":"https:\/\/blogdoedvaldomagalhaes.com.br\/index.php\/wp-json\/wp\/v2\/comments?post=53425"}],"version-history":[{"count":1,"href":"https:\/\/blogdoedvaldomagalhaes.com.br\/index.php\/wp-json\/wp\/v2\/posts\/53425\/revisions"}],"predecessor-version":[{"id":53427,"href":"https:\/\/blogdoedvaldomagalhaes.com.br\/index.php\/wp-json\/wp\/v2\/posts\/53425\/revisions\/53427"}],"wp:featuredmedia":[{"embeddable":true,"href":"https:\/\/blogdoedvaldomagalhaes.com.br\/index.php\/wp-json\/wp\/v2\/media\/53426"}],"wp:attachment":[{"href":"https:\/\/blogdoedvaldomagalhaes.com.br\/index.php\/wp-json\/wp\/v2\/media?parent=53425"}],"wp:term":[{"taxonomy":"category","embeddable":true,"href":"https:\/\/blogdoedvaldomagalhaes.com.br\/index.php\/wp-json\/wp\/v2\/categories?post=53425"},{"taxonomy":"post_tag","embeddable":true,"href":"https:\/\/blogdoedvaldomagalhaes.com.br\/index.php\/wp-json\/wp\/v2\/tags?post=53425"}],"curies":[{"name":"wp","href":"https:\/\/api.w.org\/{rel}","templated":true}]}}