{"id":53417,"date":"2020-03-29T11:37:39","date_gmt":"2020-03-29T14:37:39","guid":{"rendered":"http:\/\/blogdoedvaldomagalhaes.com.br\/?p=53417"},"modified":"2020-03-29T11:37:43","modified_gmt":"2020-03-29T14:37:43","slug":"maconha-e-apreendida-em-fundo-falso-de-carro-roubado-em-sao-caitano","status":"publish","type":"post","link":"https:\/\/blogdoedvaldomagalhaes.com.br\/index.php\/2020\/03\/29\/maconha-e-apreendida-em-fundo-falso-de-carro-roubado-em-sao-caitano\/","title":{"rendered":"Maconha \u00e9 apreendida em fundo falso de carro roubado em S\u00e3o Caitano"},"content":{"rendered":"<p style=\"text-align: justify;\"><span style=\"font-size: inherit;\">Uma mulher de 33 anos que transportava sete quilos de maconha foi detida pela Pol\u00edcia Rodovi\u00e1ria Federal (PRF), na madrugada de domingo (29), na BR 232, em S\u00e3o Caetano, no Agreste de Pernambuco. A droga estava escondida em um fundo falso, localizado na tampa do porta-malas de um carro roubado.<\/span><\/p>\n<p style=\"text-align: justify;\">O flagrante foi realizado durante uma a\u00e7\u00e3o de combate ao crime no quil\u00f4metro 145 da rodovia. Ao abordar um carro ocupado por uma mulher e duas crian\u00e7as, de um e nove anos, a equipe percebeu que a motorista estava nervosa.<\/p>\n<p style=\"text-align: justify;\">A equipe realizou um verifica\u00e7\u00e3o no autom\u00f3vel e constatou que o carro portava placas clonadas e havia sido roubado em janeiro deste ano no Recife. Em seguida, foi realizada uma vistoria minuciosa e encontrada a droga escondida no compartimento do porta-malas.<\/p>\n<p style=\"text-align: justify;\">A mulher informou que havia sido contratada para entregar a maconha no Recife, mas n\u00e3o disse quem receberia a droga. Ela foi encaminhada \u00e0 delegacia de Pol\u00edcia Civil de Caruaru e familiares foram buscar as crian\u00e7as.<\/p>\n\n\n<figure class=\"wp-block-image size-large\"><img loading=\"lazy\" decoding=\"async\" width=\"1024\" height=\"768\" src=\"http:\/\/blogdoedvaldomagalhaes.com.br\/wp-content\/uploads\/2020\/03\/IMG-20200329-WA0085-1024x768.jpg\" alt=\"\" class=\"wp-image-53419\" srcset=\"https:\/\/blogdoedvaldomagalhaes.com.br\/wp-content\/uploads\/2020\/03\/IMG-20200329-WA0085-1024x768.jpg 1024w, https:\/\/blogdoedvaldomagalhaes.com.br\/wp-content\/uploads\/2020\/03\/IMG-20200329-WA0085-300x225.jpg 300w, https:\/\/blogdoedvaldomagalhaes.com.br\/wp-content\/uploads\/2020\/03\/IMG-20200329-WA0085-768x576.jpg 768w, https:\/\/blogdoedvaldomagalhaes.com.br\/wp-content\/uploads\/2020\/03\/IMG-20200329-WA0085-160x120.jpg 160w, https:\/\/blogdoedvaldomagalhaes.com.br\/wp-content\/uploads\/2020\/03\/IMG-20200329-WA0085.jpg 1280w\" sizes=\"auto, (max-width: 1024px) 100vw, 1024px\" \/><figcaption>Fotos: PRF\/Divulga\u00e7\u00e3o<\/figcaption><\/figure>\n","protected":false},"excerpt":{"rendered":"<p>Uma mulher de 33 anos que transportava sete quilos de maconha foi detida pela Pol\u00edcia Rodovi\u00e1ria Federal (PRF), na madrugada&hellip;<\/p>\n","protected":false},"author":1,"featured_media":53418,"comment_status":"open","ping_status":"open","sticky":false,"template":"","format":"standard","meta":{"footnotes":""},"categories":[14121],"tags":[2,16881,17664],"class_list":["post-53417","post","type-post","status-publish","format-standard","has-post-thumbnail","hentry","category-policial","tag-blog-do-edvaldo-magalhaes","tag-caruaru-e-regiao","tag-maconha-e-apreendida-em-fundo-falso-de-carro-roubado-em-sao-caitano"],"_links":{"self":[{"href":"https:\/\/blogdoedvaldomagalhaes.com.br\/index.php\/wp-json\/wp\/v2\/posts\/53417","targetHints":{"allow":["GET"]}}],"collection":[{"href":"https:\/\/blogdoedvaldomagalhaes.com.br\/index.php\/wp-json\/wp\/v2\/posts"}],"about":[{"href":"https:\/\/blogdoedvaldomagalhaes.com.br\/index.php\/wp-json\/wp\/v2\/types\/post"}],"author":[{"embeddable":true,"href":"https:\/\/blogdoedvaldomagalhaes.com.br\/index.php\/wp-json\/wp\/v2\/users\/1"}],"replies":[{"embeddable":true,"href":"https:\/\/blogdoedvaldomagalhaes.com.br\/index.php\/wp-json\/wp\/v2\/comments?post=53417"}],"version-history":[{"count":1,"href":"https:\/\/blogdoedvaldomagalhaes.com.br\/index.php\/wp-json\/wp\/v2\/posts\/53417\/revisions"}],"predecessor-version":[{"id":53420,"href":"https:\/\/blogdoedvaldomagalhaes.com.br\/index.php\/wp-json\/wp\/v2\/posts\/53417\/revisions\/53420"}],"wp:featuredmedia":[{"embeddable":true,"href":"https:\/\/blogdoedvaldomagalhaes.com.br\/index.php\/wp-json\/wp\/v2\/media\/53418"}],"wp:attachment":[{"href":"https:\/\/blogdoedvaldomagalhaes.com.br\/index.php\/wp-json\/wp\/v2\/media?parent=53417"}],"wp:term":[{"taxonomy":"category","embeddable":true,"href":"https:\/\/blogdoedvaldomagalhaes.com.br\/index.php\/wp-json\/wp\/v2\/categories?post=53417"},{"taxonomy":"post_tag","embeddable":true,"href":"https:\/\/blogdoedvaldomagalhaes.com.br\/index.php\/wp-json\/wp\/v2\/tags?post=53417"}],"curies":[{"name":"wp","href":"https:\/\/api.w.org\/{rel}","templated":true}]}}