{"id":53414,"date":"2020-03-29T11:20:26","date_gmt":"2020-03-29T14:20:26","guid":{"rendered":"http:\/\/blogdoedvaldomagalhaes.com.br\/?p=53414"},"modified":"2020-03-29T13:07:32","modified_gmt":"2020-03-29T16:07:32","slug":"morre-frei-tito-provincia-carmelitana-pernambucana-em-luto","status":"publish","type":"post","link":"https:\/\/blogdoedvaldomagalhaes.com.br\/index.php\/2020\/03\/29\/morre-frei-tito-provincia-carmelitana-pernambucana-em-luto\/","title":{"rendered":"Morre Frei Tito: Prov\u00edncia Carmelitana Pernambucana em luto"},"content":{"rendered":"<p style=\"text-align: justify;\">A Prov\u00edncia Carmelitana Pernambucana em LUTO pela P\u00e1scoa eterna de FREI TITO FIGUEIR\u00d4A DE MEDEIROS, O.CARM. faleceu nesse s\u00e1bado (28), por volta das 14h, quando estava na casa de amigos, na Praia de Gaibu, no Cabo de Santo Agostinho. O sepultamento ocorre neste domingo (29), no Cemit\u00e9rio de Santo Amaro, em Recife. Rezemos por seu descanso eterno.<\/p>\n<p style=\"text-align: justify;\">Frei Tito nasceu em 31 de maio de 1940 professou votos simples na ordem do Carmo em 30\/01\/1958 sua profiss\u00e3o solene em 05\/06\/1961 foi ordenado sacerdote dia 05\/07\/1964 em 28 de mar\u00e7o de 2020 veio a \u00f3bito. Nossas ora\u00e7\u00f5es por sua alma e por todos os frades em lutos.<\/p>\n","protected":false},"excerpt":{"rendered":"<p>A Prov\u00edncia Carmelitana Pernambucana em LUTO pela P\u00e1scoa eterna de FREI TITO FIGUEIR\u00d4A DE MEDEIROS, O.CARM. faleceu nesse s\u00e1bado (28),&hellip;<\/p>\n","protected":false},"author":1,"featured_media":53415,"comment_status":"open","ping_status":"open","sticky":false,"template":"","format":"standard","meta":{"footnotes":""},"categories":[14120],"tags":[2,16881,17663],"class_list":["post-53414","post","type-post","status-publish","format-standard","has-post-thumbnail","hentry","category-noticias","tag-blog-do-edvaldo-magalhaes","tag-caruaru-e-regiao","tag-morre-frei-tito-provincia-carmelitana-pernambucana-em-luto"],"_links":{"self":[{"href":"https:\/\/blogdoedvaldomagalhaes.com.br\/index.php\/wp-json\/wp\/v2\/posts\/53414","targetHints":{"allow":["GET"]}}],"collection":[{"href":"https:\/\/blogdoedvaldomagalhaes.com.br\/index.php\/wp-json\/wp\/v2\/posts"}],"about":[{"href":"https:\/\/blogdoedvaldomagalhaes.com.br\/index.php\/wp-json\/wp\/v2\/types\/post"}],"author":[{"embeddable":true,"href":"https:\/\/blogdoedvaldomagalhaes.com.br\/index.php\/wp-json\/wp\/v2\/users\/1"}],"replies":[{"embeddable":true,"href":"https:\/\/blogdoedvaldomagalhaes.com.br\/index.php\/wp-json\/wp\/v2\/comments?post=53414"}],"version-history":[{"count":3,"href":"https:\/\/blogdoedvaldomagalhaes.com.br\/index.php\/wp-json\/wp\/v2\/posts\/53414\/revisions"}],"predecessor-version":[{"id":53424,"href":"https:\/\/blogdoedvaldomagalhaes.com.br\/index.php\/wp-json\/wp\/v2\/posts\/53414\/revisions\/53424"}],"wp:featuredmedia":[{"embeddable":true,"href":"https:\/\/blogdoedvaldomagalhaes.com.br\/index.php\/wp-json\/wp\/v2\/media\/53415"}],"wp:attachment":[{"href":"https:\/\/blogdoedvaldomagalhaes.com.br\/index.php\/wp-json\/wp\/v2\/media?parent=53414"}],"wp:term":[{"taxonomy":"category","embeddable":true,"href":"https:\/\/blogdoedvaldomagalhaes.com.br\/index.php\/wp-json\/wp\/v2\/categories?post=53414"},{"taxonomy":"post_tag","embeddable":true,"href":"https:\/\/blogdoedvaldomagalhaes.com.br\/index.php\/wp-json\/wp\/v2\/tags?post=53414"}],"curies":[{"name":"wp","href":"https:\/\/api.w.org\/{rel}","templated":true}]}}