{"id":53403,"date":"2020-03-28T23:22:30","date_gmt":"2020-03-29T02:22:30","guid":{"rendered":"http:\/\/blogdoedvaldomagalhaes.com.br\/?p=53403"},"modified":"2020-03-29T12:22:19","modified_gmt":"2020-03-29T15:22:19","slug":"tentativa-de-assalto-termina-com-policial-e-assaltante-mortos-em-bezerros","status":"publish","type":"post","link":"https:\/\/blogdoedvaldomagalhaes.com.br\/index.php\/2020\/03\/28\/tentativa-de-assalto-termina-com-policial-e-assaltante-mortos-em-bezerros\/","title":{"rendered":"Tentativa de assalto termina com policial e assaltante mortos em Bezerros"},"content":{"rendered":"<p style=\"text-align: justify;\"><span style=\"font-size: inherit;\">Por volta das 20h, o cabo S\u00e9rgio Carvalho e a esposa, que tamb\u00e9m \u00e9 policial, sa\u00edram de Serra Negra com destino ao Recife, quando foram seguidos pelo assaltante conhecido como &#8220;Paulinho Seis Dedos&#8221;. Houve troca de tiros, e persegui\u00e7\u00e3o do assaltante ao casal. Na troca de tiros, o militar e o assaltante foram feridos e socorridos para uma unidade de sa\u00fade da cidade, mas os dois n\u00e3o resistiram e faleceram.<\/span><\/p>\n\n\n<figure class=\"wp-block-image size-large\"><img loading=\"lazy\" decoding=\"async\" width=\"151\" height=\"214\" src=\"http:\/\/blogdoedvaldomagalhaes.com.br\/wp-content\/uploads\/2020\/03\/IMG-20200328-WA0329.jpg\" alt=\"\" class=\"wp-image-53412\"\/><figcaption>Cabo S\u00e9rgio<\/figcaption><\/figure>\n\n\n\n<figure class=\"wp-block-image size-large\"><img loading=\"lazy\" decoding=\"async\" width=\"576\" height=\"1024\" src=\"http:\/\/blogdoedvaldomagalhaes.com.br\/wp-content\/uploads\/2020\/03\/IMG-20200329-WA0101-576x1024.jpg\" alt=\"\" class=\"wp-image-53421\" srcset=\"https:\/\/blogdoedvaldomagalhaes.com.br\/wp-content\/uploads\/2020\/03\/IMG-20200329-WA0101-576x1024.jpg 576w, https:\/\/blogdoedvaldomagalhaes.com.br\/wp-content\/uploads\/2020\/03\/IMG-20200329-WA0101-169x300.jpg 169w, https:\/\/blogdoedvaldomagalhaes.com.br\/wp-content\/uploads\/2020\/03\/IMG-20200329-WA0101.jpg 720w\" sizes=\"auto, (max-width: 576px) 100vw, 576px\" \/><figcaption>Paulinho <\/figcaption><\/figure>\n","protected":false},"excerpt":{"rendered":"<p>Por volta das 20h, o cabo S\u00e9rgio Carvalho e a esposa, que tamb\u00e9m \u00e9 policial, sa\u00edram de Serra Negra com&hellip;<\/p>\n","protected":false},"author":1,"featured_media":53404,"comment_status":"open","ping_status":"open","sticky":false,"template":"","format":"standard","meta":{"footnotes":""},"categories":[14121],"tags":[2,16881,17662],"class_list":["post-53403","post","type-post","status-publish","format-standard","has-post-thumbnail","hentry","category-policial","tag-blog-do-edvaldo-magalhaes","tag-caruaru-e-regiao","tag-tentativa-de-assalto-termina-com-policial-e-assaltante-mortos-em-bezerros"],"_links":{"self":[{"href":"https:\/\/blogdoedvaldomagalhaes.com.br\/index.php\/wp-json\/wp\/v2\/posts\/53403","targetHints":{"allow":["GET"]}}],"collection":[{"href":"https:\/\/blogdoedvaldomagalhaes.com.br\/index.php\/wp-json\/wp\/v2\/posts"}],"about":[{"href":"https:\/\/blogdoedvaldomagalhaes.com.br\/index.php\/wp-json\/wp\/v2\/types\/post"}],"author":[{"embeddable":true,"href":"https:\/\/blogdoedvaldomagalhaes.com.br\/index.php\/wp-json\/wp\/v2\/users\/1"}],"replies":[{"embeddable":true,"href":"https:\/\/blogdoedvaldomagalhaes.com.br\/index.php\/wp-json\/wp\/v2\/comments?post=53403"}],"version-history":[{"count":9,"href":"https:\/\/blogdoedvaldomagalhaes.com.br\/index.php\/wp-json\/wp\/v2\/posts\/53403\/revisions"}],"predecessor-version":[{"id":53422,"href":"https:\/\/blogdoedvaldomagalhaes.com.br\/index.php\/wp-json\/wp\/v2\/posts\/53403\/revisions\/53422"}],"wp:featuredmedia":[{"embeddable":true,"href":"https:\/\/blogdoedvaldomagalhaes.com.br\/index.php\/wp-json\/wp\/v2\/media\/53404"}],"wp:attachment":[{"href":"https:\/\/blogdoedvaldomagalhaes.com.br\/index.php\/wp-json\/wp\/v2\/media?parent=53403"}],"wp:term":[{"taxonomy":"category","embeddable":true,"href":"https:\/\/blogdoedvaldomagalhaes.com.br\/index.php\/wp-json\/wp\/v2\/categories?post=53403"},{"taxonomy":"post_tag","embeddable":true,"href":"https:\/\/blogdoedvaldomagalhaes.com.br\/index.php\/wp-json\/wp\/v2\/tags?post=53403"}],"curies":[{"name":"wp","href":"https:\/\/api.w.org\/{rel}","templated":true}]}}